{"id":771,"date":"2024-06-30T18:41:18","date_gmt":"2024-06-30T17:41:18","guid":{"rendered":"http:\/\/lidija-kralj.from.hr\/?p=771"},"modified":"2025-01-05T18:43:53","modified_gmt":"2025-01-05T17:43:53","slug":"lipanj-2024","status":"publish","type":"post","link":"http:\/\/lidija-kralj.from.hr\/?p=771","title":{"rendered":"Lipanj 2024"},"content":{"rendered":"<p>U lipnju se pojavila prilika za dvije posjete Briselu, \u0161to je uvijek dobra stvar.<\/p>\n<p>Krajem mjeseca stigao je poziv za posebnu radionicu<strong> \u201eWorkshop on Artificial Intelligence in Education and training\u201c<\/strong> koju je organizirao Directorate General for Education, Youth, Sport and Culture (DG EAC). Tijekom dva dana zajedni\u010dki smo poku\u0161ali identificirati glavne mogu\u0107nosti i izazove umjetne inteligencije za u\u010denike i u\u010ditelje te osmisliti rje\u0161enja za uo\u010dene izazove. Ja sam imala \u010dast predstaviti <a href=\"https:\/\/op.europa.eu\/en\/publication-detail\/-\/publication\/9bb60fb1-b42a-11ee-b164-01aa75ed71a1\/language-en\">AI Report<\/a> koji je pripremio EDEH AI in Education Squad pod mojim vodstvom.<\/p>\n<p><em><span style=\"color: #e6a9ec\">Zanimljivost:<\/span> Ova radionica je kona\u010dno bila prilika da putujem i sura\u0111ujem s kolegicama iz Hrvatske, tako da smo uz obaveze uspjele uklju\u010diti i \u0161etnju Briselom, obi\u0107i Mini-Europe (bome smo se dobro osun\u010dale na toj \u0161etnji), savladale sve prepreke javnog prijevoza u Briselu i provele nekoliko sati na aerodromu \u010dekaju\u0107i let za doma.<\/em><\/p>\n<p>Drugi posjet Briselu bio je posve\u0107en sastanku s projektnim partnerima projekta <a href=\"http:\/\/agile-edu.eun.org\/\">Agile EDU<\/a> kojeg provodi <a href=\"http:\/\/www.eun.org\/\">EuropeanSchoolnet<\/a>. Tijekom sastanka smo raspravljali o studijama slu\u010daja i pou\u010dnim pri\u010dama te analiti\u010dkom okviru za u<strong>potrebu digitalnih podataka u obrazovanju<\/strong>.<\/p>\n<p><em><span style=\"color: #e6a9ec\">Zanimljivost:<\/span> Uvijek je lijepo susresti se u\u017eivo s projektnim partnerima te \u010dudi iz prve ruke iskustva iz drugih zemalja.<\/em><\/p>\n<p><strong>Expert review meeting &#8211; sastanak stru\u010dnjaka na projektu \u201cSupport for development work on DigComp\u201d<\/strong> organizirali su Joint Research Center (JRC) i Directorate General for Employment, Social Affairs and Inclusion (DG EMPL) s ciljem a\u017euriranja Digital Competence Framework for Citizens (DigComp). Na tom sastanku sam predstavila svoj izvje\u0161taj &#8211; Emerging trends and&nbsp; their implications for DigComp, u kojem sam opisala trendove kao \u0161to su Twin transition, Digital well-being and resilience, Biotechnology, Algorithms and programming, Generative AI and deep fake, Employee recruitment, Immersive technologies and virtual worlds, Digital twins, Remote, hybrid, HyFex and playful learning living and working i njihov mogu\u0107i utjecaj na daljnji razvoj DigComp kompetencijskog okvira.<\/p>\n<p><em><span style=\"color: #e6a9ec\">Zanimljivost:<\/span> Biti dio pri\u010de o razvoju DigCompa je zaista posebna stvar!<br \/>\n&nbsp;<\/em>The <a href=\"https:\/\/joint-research-centre.ec.europa.eu\/digcomp\/digcomp-framework_en\">Digital Competence Framework for Citizens (DigComp)<\/a> is an EU-wide tool aimed at supporting digital competence development among citizens, aiding policy-makers in developing effective policies, and planning education and training initiatives to enhance the digital competence of different target groups. In 2013, the first DigComp reference framework came out defining digital competence as a combination of 21 competences grouped in five main areas. In 2016, the framework was refined, so DigComp 2.0 identified the five key areas: Information and data literacy; Communication and collaboration; Digital content creation; Safety; and Problem solving. The latest version DigComp 2.2 was released in 2022 integrating some 250 new examples of knowledge, skills, and attitudes (Vuorikari et al., 2022).<\/p>\n<p>Tijekom lipnja sam po prvi put posjetila i Graz (ne ra\u010dunam davnu posjetu shoping centru). Povod je bio pozvano predavanje na godi\u0161njoj <strong>EDEN konferenciji<\/strong> \u201c<a href=\"https:\/\/eden-europe.eu\/event\/eden-2024-annual-conference\/\">Learning in the Age of AI: Towards Imaginative Futures<\/a>\u201d. Moja tema bila je \u201e<a href=\"https:\/\/youtu.be\/piotH-Fsw7g?si=OYmgjdSC8FfysViz\">Treasure Hunt in AI Land<\/a>\u201c<\/p>\n<p><em><span style=\"color: #e6a9ec\">Zanimljivost:<\/span> Centar Graza mi se ba\u0161 svidio, ugodno mjesto za \u0161etnju i otkrivanje, a nije bio problem ni sna\u0107i se u vo\u017enji autom. Ve\u010dera na Schlo\u00dfbergu s predivnim pogledom i susret s dragim ljudima. <\/em><\/p>\n<p>U lipnju je jedna moja generacija u\u010denika slavila <strong>25. godi\u0161njicu zavr\u0161etka osnovne \u0161kole,<\/strong> jedna ba\u0161 posebna generacija koju mi je bilo drago vidjeti, \u010duti kako su, gdje su.<\/p>\n<p><em><span style=\"color: #e6a9ec\">Zanimljivost:<\/span>Jedina generacija koja na svojoj razrednoj fotografiji ima i moju k\u0107er. <\/em><\/p>\n","protected":false},"excerpt":{"rendered":"<p>U lipnju se pojavila prilika za dvije posjete Briselu, \u0161to je uvijek dobra stvar. Krajem mjeseca stigao je poziv za posebnu radionicu \u201eWorkshop on Artificial Intelligence in Education and training\u201c koju je organizirao Directorate General for Education, Youth, Sport and &hellip; <a href=\"http:\/\/lidija-kralj.from.hr\/?p=771\">Nastavi \u010ditati <span class=\"meta-nav\">&rarr;<\/span><\/a><\/p>\n","protected":false},"author":263,"featured_media":0,"comment_status":"closed","ping_status":"closed","sticky":false,"template":"","format":"standard","meta":{"ngg_post_thumbnail":0},"categories":[4572,4573,33],"tags":[],"yoast_head":"<!-- This site is optimized with the Yoast SEO plugin v17.5 - https:\/\/yoast.com\/wordpress\/plugins\/seo\/ -->\n<meta name=\"robots\" content=\"index, follow, max-snippet:-1, max-image-preview:large, max-video-preview:-1\" \/>\n<link rel=\"canonical\" href=\"http:\/\/lidija-kralj.from.hr\/?p=771\" \/>\n<meta property=\"og:locale\" content=\"hr_HR\" \/>\n<meta property=\"og:type\" content=\"article\" \/>\n<meta property=\"og:title\" content=\"Lipanj 2024 - Digitalni tragovi \/ Digital traces\" \/>\n<meta property=\"og:description\" content=\"U lipnju se pojavila prilika za dvije posjete Briselu, \u0161to je uvijek dobra stvar. Krajem mjeseca stigao je poziv za posebnu radionicu \u201eWorkshop on Artificial Intelligence in Education and training\u201c koju je organizirao Directorate General for Education, Youth, Sport and &hellip; Nastavi \u010ditati &rarr;\" \/>\n<meta property=\"og:url\" content=\"http:\/\/lidija-kralj.from.hr\/?p=771\" \/>\n<meta property=\"og:site_name\" content=\"Digitalni tragovi \/ Digital traces\" \/>\n<meta property=\"article:published_time\" content=\"2024-06-30T17:41:18+00:00\" \/>\n<meta property=\"article:modified_time\" content=\"2025-01-05T17:43:53+00:00\" \/>\n<meta name=\"twitter:card\" content=\"summary\" \/>\n<meta name=\"twitter:label1\" content=\"Napisao\/la\" \/>\n\t<meta name=\"twitter:data1\" content=\"lidija-kralj\" \/>\n\t<meta name=\"twitter:label2\" content=\"Procijenjeno vrijeme \u010ditanja\" \/>\n\t<meta name=\"twitter:data2\" content=\"3 minute\" \/>\n<script type=\"application\/ld+json\" class=\"yoast-schema-graph\">{\"@context\":\"https:\/\/schema.org\",\"@graph\":[{\"@type\":\"WebSite\",\"@id\":\"http:\/\/lidija-kralj.from.hr\/#website\",\"url\":\"http:\/\/lidija-kralj.from.hr\/\",\"name\":\"Digitalni tragovi \/ Digital traces\",\"description\":\"Kakve tragove ostavljate u virtualnom svijetu? \/ What traces do you leave in the virtual world?\",\"potentialAction\":[{\"@type\":\"SearchAction\",\"target\":{\"@type\":\"EntryPoint\",\"urlTemplate\":\"http:\/\/lidija-kralj.from.hr\/?s={search_term_string}\"},\"query-input\":\"required name=search_term_string\"}],\"inLanguage\":\"hr\"},{\"@type\":\"WebPage\",\"@id\":\"http:\/\/lidija-kralj.from.hr\/?p=771#webpage\",\"url\":\"http:\/\/lidija-kralj.from.hr\/?p=771\",\"name\":\"Lipanj 2024 - Digitalni tragovi \/ Digital traces\",\"isPartOf\":{\"@id\":\"http:\/\/lidija-kralj.from.hr\/#website\"},\"datePublished\":\"2024-06-30T17:41:18+00:00\",\"dateModified\":\"2025-01-05T17:43:53+00:00\",\"author\":{\"@id\":\"http:\/\/lidija-kralj.from.hr\/#\/schema\/person\/2673cfd11f5aa7ccfa5aeaa6c36b55ba\"},\"breadcrumb\":{\"@id\":\"http:\/\/lidija-kralj.from.hr\/?p=771#breadcrumb\"},\"inLanguage\":\"hr\",\"potentialAction\":[{\"@type\":\"ReadAction\",\"target\":[\"http:\/\/lidija-kralj.from.hr\/?p=771\"]}]},{\"@type\":\"BreadcrumbList\",\"@id\":\"http:\/\/lidija-kralj.from.hr\/?p=771#breadcrumb\",\"itemListElement\":[{\"@type\":\"ListItem\",\"position\":1,\"name\":\"Home\",\"item\":\"http:\/\/lidija-kralj.from.hr\/\"},{\"@type\":\"ListItem\",\"position\":2,\"name\":\"Lipanj 2024\"}]},{\"@type\":\"Person\",\"@id\":\"http:\/\/lidija-kralj.from.hr\/#\/schema\/person\/2673cfd11f5aa7ccfa5aeaa6c36b55ba\",\"name\":\"lidija-kralj\",\"image\":{\"@type\":\"ImageObject\",\"@id\":\"http:\/\/lidija-kralj.from.hr\/#personlogo\",\"inLanguage\":\"hr\",\"url\":\"http:\/\/1.gravatar.com\/avatar\/db5f0e5638e2ffbfd250829a45e7c369?s=96&d=mm&r=g\",\"contentUrl\":\"http:\/\/1.gravatar.com\/avatar\/db5f0e5638e2ffbfd250829a45e7c369?s=96&d=mm&r=g\",\"caption\":\"lidija-kralj\"},\"url\":\"http:\/\/lidija-kralj.from.hr\/?author=263\"}]}<\/script>\n<!-- \/ Yoast SEO plugin. -->","yoast_head_json":{"robots":{"index":"index","follow":"follow","max-snippet":"max-snippet:-1","max-image-preview":"max-image-preview:large","max-video-preview":"max-video-preview:-1"},"canonical":"http:\/\/lidija-kralj.from.hr\/?p=771","og_locale":"hr_HR","og_type":"article","og_title":"Lipanj 2024 - Digitalni tragovi \/ Digital traces","og_description":"U lipnju se pojavila prilika za dvije posjete Briselu, \u0161to je uvijek dobra stvar. Krajem mjeseca stigao je poziv za posebnu radionicu \u201eWorkshop on Artificial Intelligence in Education and training\u201c koju je organizirao Directorate General for Education, Youth, Sport and &hellip; Nastavi \u010ditati &rarr;","og_url":"http:\/\/lidija-kralj.from.hr\/?p=771","og_site_name":"Digitalni tragovi \/ Digital traces","article_published_time":"2024-06-30T17:41:18+00:00","article_modified_time":"2025-01-05T17:43:53+00:00","twitter_card":"summary","twitter_misc":{"Napisao\/la":"lidija-kralj","Procijenjeno vrijeme \u010ditanja":"3 minute"},"schema":{"@context":"https:\/\/schema.org","@graph":[{"@type":"WebSite","@id":"http:\/\/lidija-kralj.from.hr\/#website","url":"http:\/\/lidija-kralj.from.hr\/","name":"Digitalni tragovi \/ Digital traces","description":"Kakve tragove ostavljate u virtualnom svijetu? \/ What traces do you leave in the virtual world?","potentialAction":[{"@type":"SearchAction","target":{"@type":"EntryPoint","urlTemplate":"http:\/\/lidija-kralj.from.hr\/?s={search_term_string}"},"query-input":"required name=search_term_string"}],"inLanguage":"hr"},{"@type":"WebPage","@id":"http:\/\/lidija-kralj.from.hr\/?p=771#webpage","url":"http:\/\/lidija-kralj.from.hr\/?p=771","name":"Lipanj 2024 - Digitalni tragovi \/ Digital traces","isPartOf":{"@id":"http:\/\/lidija-kralj.from.hr\/#website"},"datePublished":"2024-06-30T17:41:18+00:00","dateModified":"2025-01-05T17:43:53+00:00","author":{"@id":"http:\/\/lidija-kralj.from.hr\/#\/schema\/person\/2673cfd11f5aa7ccfa5aeaa6c36b55ba"},"breadcrumb":{"@id":"http:\/\/lidija-kralj.from.hr\/?p=771#breadcrumb"},"inLanguage":"hr","potentialAction":[{"@type":"ReadAction","target":["http:\/\/lidija-kralj.from.hr\/?p=771"]}]},{"@type":"BreadcrumbList","@id":"http:\/\/lidija-kralj.from.hr\/?p=771#breadcrumb","itemListElement":[{"@type":"ListItem","position":1,"name":"Home","item":"http:\/\/lidija-kralj.from.hr\/"},{"@type":"ListItem","position":2,"name":"Lipanj 2024"}]},{"@type":"Person","@id":"http:\/\/lidija-kralj.from.hr\/#\/schema\/person\/2673cfd11f5aa7ccfa5aeaa6c36b55ba","name":"lidija-kralj","image":{"@type":"ImageObject","@id":"http:\/\/lidija-kralj.from.hr\/#personlogo","inLanguage":"hr","url":"http:\/\/1.gravatar.com\/avatar\/db5f0e5638e2ffbfd250829a45e7c369?s=96&d=mm&r=g","contentUrl":"http:\/\/1.gravatar.com\/avatar\/db5f0e5638e2ffbfd250829a45e7c369?s=96&d=mm&r=g","caption":"lidija-kralj"},"url":"http:\/\/lidija-kralj.from.hr\/?author=263"}]}},"_links":{"self":[{"href":"http:\/\/lidija-kralj.from.hr\/index.php?rest_route=\/wp\/v2\/posts\/771"}],"collection":[{"href":"http:\/\/lidija-kralj.from.hr\/index.php?rest_route=\/wp\/v2\/posts"}],"about":[{"href":"http:\/\/lidija-kralj.from.hr\/index.php?rest_route=\/wp\/v2\/types\/post"}],"author":[{"embeddable":true,"href":"http:\/\/lidija-kralj.from.hr\/index.php?rest_route=\/wp\/v2\/users\/263"}],"replies":[{"embeddable":true,"href":"http:\/\/lidija-kralj.from.hr\/index.php?rest_route=%2Fwp%2Fv2%2Fcomments&post=771"}],"version-history":[{"count":1,"href":"http:\/\/lidija-kralj.from.hr\/index.php?rest_route=\/wp\/v2\/posts\/771\/revisions"}],"predecessor-version":[{"id":772,"href":"http:\/\/lidija-kralj.from.hr\/index.php?rest_route=\/wp\/v2\/posts\/771\/revisions\/772"}],"wp:attachment":[{"href":"http:\/\/lidija-kralj.from.hr\/index.php?rest_route=%2Fwp%2Fv2%2Fmedia&parent=771"}],"wp:term":[{"taxonomy":"category","embeddable":true,"href":"http:\/\/lidija-kralj.from.hr\/index.php?rest_route=%2Fwp%2Fv2%2Fcategories&post=771"},{"taxonomy":"post_tag","embeddable":true,"href":"http:\/\/lidija-kralj.from.hr\/index.php?rest_route=%2Fwp%2Fv2%2Ftags&post=771"}],"curies":[{"name":"wp","href":"https:\/\/api.w.org\/{rel}","templated":true}]}}