{"id":769,"date":"2024-07-30T18:39:14","date_gmt":"2024-07-30T17:39:14","guid":{"rendered":"http:\/\/lidija-kralj.from.hr\/?p=769"},"modified":"2025-01-05T18:41:16","modified_gmt":"2025-01-05T17:41:16","slug":"srpanj-2024","status":"publish","type":"post","link":"http:\/\/lidija-kralj.from.hr\/?p=769","title":{"rendered":"Srpanj 2024"},"content":{"rendered":"<p>Srpanj je po\u010deo s dobrim vijestima \u2013 <strong>imenovana sam u stru\u010dnu radnu skupinu Europske Komisije<\/strong> <a href=\"https:\/\/ec.europa.eu\/transparency\/expert-groups-register\/screen\/expert-groups\/consult?lang=en&amp;groupID=3943\">Commission Expert Group for the development of guidelines on high-quality informatics (E03943)<\/a>. Prvi sastanak organiziran je online i bio posve\u0107en me\u0111usobnom upoznavanju te razgovorima o predstoje\u0107im zadacima, tijekom na\u0161eg \u010detrnaestomjese\u010dnog mandata.<\/p>\n<ul>\n<li>Pomo\u0107i Komisiji u vezi s provedbom postoje\u0107eg zakonodavstva, programa i politika Unije<\/li>\n<li>Pomo\u0107i Komisiji u pripremi zakonodavnih prijedloga i politi\u010dkih inicijativa<\/li>\n<li>Pomo\u0107i Komisiji u:\n<ul>\n<li>(1) artikuliranju koherentnog razumijevanja visokokvalitetnog informati\u010dkog obrazovanja me\u0111u u\u010denicima i nastavnicima;<\/li>\n<li>(2) identificiranju i rje\u0161avanju zajedni\u010dkih izazova s \u200b\u200bkojima se obrazovni sustavi suo\u010davaju pri pru\u017eanju obrazovanja u informatika (tj. ocjenjivanje, obuka nastavnika i zapo\u0161ljavanje, kvalitetan sadr\u017eaj, korisni\u010dko su\u010delje, itd.);<\/li>\n<li>(3) podr\u0161ka u\u010diteljima i nastavnicima s pedago\u0161kom stru\u010dno\u0161\u0107u u podru\u010dju informatike.<\/li>\n<\/ul>\n<\/li>\n<\/ul>\n<p><em><span style=\"color: #e6a9ec\">Zanimljivost:<\/span> 2021. godine prvi put sam se javila na poziv Europske komisije za stru\u010dnjake, tada je tema bila Umjetna inteligencija u obrazovanju. <\/em><a href=\"https:\/\/ec.europa.eu\/transparency\/expert-groups-register\/screen\/expert-groups\/consult?lang=en&amp;groupID=3774\"><em>COMMISSION EXPERT GROUP ON ARTIFICIAL INTELLIGENCE (AI) AND DATA IN EDUCATION AND TRAINING (E03774<\/em><\/a><em>) U\u017eivala sam rade\u0107i sa stru\u010dnjacima iz cijele Europe, a kao rezultat objavljene su na\u0161e smjernice <\/em><a href=\"https:\/\/education.ec.europa.eu\/news\/ethical-guidelines-on-the-use-of-artificial-intelligence-and-data-in-teaching-and-learning-for-educators\"><em>Ethical guidelines on the use of artificial intelligence and data in teaching and learning for educators<\/em><\/a><em>..<\/em><\/p>\n<p>Zapo\u010dela sam i novu suradnju na projektu DLIFE (Digital Legislation Implications for Education) koji provode Joint Research Centre (<strong>JRC<\/strong>) i Directorate General for Education, Youth, Sport and Culture (<strong>DG EAC<\/strong>).<\/p>\n<p><em><span style=\"color: #e6a9ec\">Zanimljivost:<\/span> Domino efekt funkcionira i za dobre stvari, zato je va\u017eno ulagati u ljude. Jedna od re\u010denica koju ponavljam na mojim predavanjima o umjetnoj inteligenciji je \u2013 odlu\u010dite tko\/\u0161to zavrje\u0111uje va\u0161e vrijeme.<\/em><\/p>\n","protected":false},"excerpt":{"rendered":"<p>Srpanj je po\u010deo s dobrim vijestima \u2013 imenovana sam u stru\u010dnu radnu skupinu Europske Komisije Commission Expert Group for the development of guidelines on high-quality informatics (E03943). Prvi sastanak organiziran je online i bio posve\u0107en me\u0111usobnom upoznavanju te razgovorima o &hellip; <a href=\"http:\/\/lidija-kralj.from.hr\/?p=769\">Nastavi \u010ditati <span class=\"meta-nav\">&rarr;<\/span><\/a><\/p>\n","protected":false},"author":263,"featured_media":0,"comment_status":"closed","ping_status":"closed","sticky":false,"template":"","format":"standard","meta":{"ngg_post_thumbnail":0},"categories":[1],"tags":[],"yoast_head":"<!-- This site is optimized with the Yoast SEO plugin v17.5 - https:\/\/yoast.com\/wordpress\/plugins\/seo\/ -->\n<meta name=\"robots\" content=\"index, follow, max-snippet:-1, max-image-preview:large, max-video-preview:-1\" \/>\n<link rel=\"canonical\" href=\"http:\/\/lidija-kralj.from.hr\/?p=769\" \/>\n<meta property=\"og:locale\" content=\"hr_HR\" \/>\n<meta property=\"og:type\" content=\"article\" \/>\n<meta property=\"og:title\" content=\"Srpanj 2024 - Digitalni tragovi \/ Digital traces\" \/>\n<meta property=\"og:description\" content=\"Srpanj je po\u010deo s dobrim vijestima \u2013 imenovana sam u stru\u010dnu radnu skupinu Europske Komisije Commission Expert Group for the development of guidelines on high-quality informatics (E03943). Prvi sastanak organiziran je online i bio posve\u0107en me\u0111usobnom upoznavanju te razgovorima o &hellip; Nastavi \u010ditati &rarr;\" \/>\n<meta property=\"og:url\" content=\"http:\/\/lidija-kralj.from.hr\/?p=769\" \/>\n<meta property=\"og:site_name\" content=\"Digitalni tragovi \/ Digital traces\" \/>\n<meta property=\"article:published_time\" content=\"2024-07-30T17:39:14+00:00\" \/>\n<meta property=\"article:modified_time\" content=\"2025-01-05T17:41:16+00:00\" \/>\n<meta name=\"twitter:card\" content=\"summary\" \/>\n<meta name=\"twitter:label1\" content=\"Napisao\/la\" \/>\n\t<meta name=\"twitter:data1\" content=\"lidija-kralj\" \/>\n\t<meta name=\"twitter:label2\" content=\"Procijenjeno vrijeme \u010ditanja\" \/>\n\t<meta name=\"twitter:data2\" content=\"1 minuta\" \/>\n<script type=\"application\/ld+json\" class=\"yoast-schema-graph\">{\"@context\":\"https:\/\/schema.org\",\"@graph\":[{\"@type\":\"WebSite\",\"@id\":\"http:\/\/lidija-kralj.from.hr\/#website\",\"url\":\"http:\/\/lidija-kralj.from.hr\/\",\"name\":\"Digitalni tragovi \/ Digital traces\",\"description\":\"Kakve tragove ostavljate u virtualnom svijetu? \/ What traces do you leave in the virtual world?\",\"potentialAction\":[{\"@type\":\"SearchAction\",\"target\":{\"@type\":\"EntryPoint\",\"urlTemplate\":\"http:\/\/lidija-kralj.from.hr\/?s={search_term_string}\"},\"query-input\":\"required name=search_term_string\"}],\"inLanguage\":\"hr\"},{\"@type\":\"WebPage\",\"@id\":\"http:\/\/lidija-kralj.from.hr\/?p=769#webpage\",\"url\":\"http:\/\/lidija-kralj.from.hr\/?p=769\",\"name\":\"Srpanj 2024 - Digitalni tragovi \/ Digital traces\",\"isPartOf\":{\"@id\":\"http:\/\/lidija-kralj.from.hr\/#website\"},\"datePublished\":\"2024-07-30T17:39:14+00:00\",\"dateModified\":\"2025-01-05T17:41:16+00:00\",\"author\":{\"@id\":\"http:\/\/lidija-kralj.from.hr\/#\/schema\/person\/2673cfd11f5aa7ccfa5aeaa6c36b55ba\"},\"breadcrumb\":{\"@id\":\"http:\/\/lidija-kralj.from.hr\/?p=769#breadcrumb\"},\"inLanguage\":\"hr\",\"potentialAction\":[{\"@type\":\"ReadAction\",\"target\":[\"http:\/\/lidija-kralj.from.hr\/?p=769\"]}]},{\"@type\":\"BreadcrumbList\",\"@id\":\"http:\/\/lidija-kralj.from.hr\/?p=769#breadcrumb\",\"itemListElement\":[{\"@type\":\"ListItem\",\"position\":1,\"name\":\"Home\",\"item\":\"http:\/\/lidija-kralj.from.hr\/\"},{\"@type\":\"ListItem\",\"position\":2,\"name\":\"Srpanj 2024\"}]},{\"@type\":\"Person\",\"@id\":\"http:\/\/lidija-kralj.from.hr\/#\/schema\/person\/2673cfd11f5aa7ccfa5aeaa6c36b55ba\",\"name\":\"lidija-kralj\",\"image\":{\"@type\":\"ImageObject\",\"@id\":\"http:\/\/lidija-kralj.from.hr\/#personlogo\",\"inLanguage\":\"hr\",\"url\":\"http:\/\/1.gravatar.com\/avatar\/db5f0e5638e2ffbfd250829a45e7c369?s=96&d=mm&r=g\",\"contentUrl\":\"http:\/\/1.gravatar.com\/avatar\/db5f0e5638e2ffbfd250829a45e7c369?s=96&d=mm&r=g\",\"caption\":\"lidija-kralj\"},\"url\":\"http:\/\/lidija-kralj.from.hr\/?author=263\"}]}<\/script>\n<!-- \/ Yoast SEO plugin. -->","yoast_head_json":{"robots":{"index":"index","follow":"follow","max-snippet":"max-snippet:-1","max-image-preview":"max-image-preview:large","max-video-preview":"max-video-preview:-1"},"canonical":"http:\/\/lidija-kralj.from.hr\/?p=769","og_locale":"hr_HR","og_type":"article","og_title":"Srpanj 2024 - Digitalni tragovi \/ Digital traces","og_description":"Srpanj je po\u010deo s dobrim vijestima \u2013 imenovana sam u stru\u010dnu radnu skupinu Europske Komisije Commission Expert Group for the development of guidelines on high-quality informatics (E03943). Prvi sastanak organiziran je online i bio posve\u0107en me\u0111usobnom upoznavanju te razgovorima o &hellip; Nastavi \u010ditati &rarr;","og_url":"http:\/\/lidija-kralj.from.hr\/?p=769","og_site_name":"Digitalni tragovi \/ Digital traces","article_published_time":"2024-07-30T17:39:14+00:00","article_modified_time":"2025-01-05T17:41:16+00:00","twitter_card":"summary","twitter_misc":{"Napisao\/la":"lidija-kralj","Procijenjeno vrijeme \u010ditanja":"1 minuta"},"schema":{"@context":"https:\/\/schema.org","@graph":[{"@type":"WebSite","@id":"http:\/\/lidija-kralj.from.hr\/#website","url":"http:\/\/lidija-kralj.from.hr\/","name":"Digitalni tragovi \/ Digital traces","description":"Kakve tragove ostavljate u virtualnom svijetu? \/ What traces do you leave in the virtual world?","potentialAction":[{"@type":"SearchAction","target":{"@type":"EntryPoint","urlTemplate":"http:\/\/lidija-kralj.from.hr\/?s={search_term_string}"},"query-input":"required name=search_term_string"}],"inLanguage":"hr"},{"@type":"WebPage","@id":"http:\/\/lidija-kralj.from.hr\/?p=769#webpage","url":"http:\/\/lidija-kralj.from.hr\/?p=769","name":"Srpanj 2024 - Digitalni tragovi \/ Digital traces","isPartOf":{"@id":"http:\/\/lidija-kralj.from.hr\/#website"},"datePublished":"2024-07-30T17:39:14+00:00","dateModified":"2025-01-05T17:41:16+00:00","author":{"@id":"http:\/\/lidija-kralj.from.hr\/#\/schema\/person\/2673cfd11f5aa7ccfa5aeaa6c36b55ba"},"breadcrumb":{"@id":"http:\/\/lidija-kralj.from.hr\/?p=769#breadcrumb"},"inLanguage":"hr","potentialAction":[{"@type":"ReadAction","target":["http:\/\/lidija-kralj.from.hr\/?p=769"]}]},{"@type":"BreadcrumbList","@id":"http:\/\/lidija-kralj.from.hr\/?p=769#breadcrumb","itemListElement":[{"@type":"ListItem","position":1,"name":"Home","item":"http:\/\/lidija-kralj.from.hr\/"},{"@type":"ListItem","position":2,"name":"Srpanj 2024"}]},{"@type":"Person","@id":"http:\/\/lidija-kralj.from.hr\/#\/schema\/person\/2673cfd11f5aa7ccfa5aeaa6c36b55ba","name":"lidija-kralj","image":{"@type":"ImageObject","@id":"http:\/\/lidija-kralj.from.hr\/#personlogo","inLanguage":"hr","url":"http:\/\/1.gravatar.com\/avatar\/db5f0e5638e2ffbfd250829a45e7c369?s=96&d=mm&r=g","contentUrl":"http:\/\/1.gravatar.com\/avatar\/db5f0e5638e2ffbfd250829a45e7c369?s=96&d=mm&r=g","caption":"lidija-kralj"},"url":"http:\/\/lidija-kralj.from.hr\/?author=263"}]}},"_links":{"self":[{"href":"http:\/\/lidija-kralj.from.hr\/index.php?rest_route=\/wp\/v2\/posts\/769"}],"collection":[{"href":"http:\/\/lidija-kralj.from.hr\/index.php?rest_route=\/wp\/v2\/posts"}],"about":[{"href":"http:\/\/lidija-kralj.from.hr\/index.php?rest_route=\/wp\/v2\/types\/post"}],"author":[{"embeddable":true,"href":"http:\/\/lidija-kralj.from.hr\/index.php?rest_route=\/wp\/v2\/users\/263"}],"replies":[{"embeddable":true,"href":"http:\/\/lidija-kralj.from.hr\/index.php?rest_route=%2Fwp%2Fv2%2Fcomments&post=769"}],"version-history":[{"count":1,"href":"http:\/\/lidija-kralj.from.hr\/index.php?rest_route=\/wp\/v2\/posts\/769\/revisions"}],"predecessor-version":[{"id":770,"href":"http:\/\/lidija-kralj.from.hr\/index.php?rest_route=\/wp\/v2\/posts\/769\/revisions\/770"}],"wp:attachment":[{"href":"http:\/\/lidija-kralj.from.hr\/index.php?rest_route=%2Fwp%2Fv2%2Fmedia&parent=769"}],"wp:term":[{"taxonomy":"category","embeddable":true,"href":"http:\/\/lidija-kralj.from.hr\/index.php?rest_route=%2Fwp%2Fv2%2Fcategories&post=769"},{"taxonomy":"post_tag","embeddable":true,"href":"http:\/\/lidija-kralj.from.hr\/index.php?rest_route=%2Fwp%2Fv2%2Ftags&post=769"}],"curies":[{"name":"wp","href":"https:\/\/api.w.org\/{rel}","templated":true}]}}