{"id":744,"date":"2024-10-30T17:12:51","date_gmt":"2024-10-30T16:12:51","guid":{"rendered":"http:\/\/lidija-kralj.from.hr\/?p=744"},"modified":"2025-01-05T17:37:14","modified_gmt":"2025-01-05T16:37:14","slug":"listopad-2024","status":"publish","type":"post","link":"http:\/\/lidija-kralj.from.hr\/?p=744","title":{"rendered":"Listopad 2024"},"content":{"rendered":"<p><a href=\"http:\/\/lidija-kralj.from.hr\/files\/2025\/10\/7.png\"><img loading=\"lazy\" class=\"alignright size-medium wp-image-746\" src=\"http:\/\/lidija-kralj.from.hr\/files\/2025\/10\/7-300x156.png\" alt=\"\" width=\"300\" height=\"156\" srcset=\"http:\/\/lidija-kralj.from.hr\/files\/2025\/10\/7-300x156.png 300w, http:\/\/lidija-kralj.from.hr\/files\/2025\/10\/7-500x261.png 500w, http:\/\/lidija-kralj.from.hr\/files\/2025\/10\/7.png 748w\" sizes=\"(max-width: 300px) 100vw, 300px\" \/><\/a>Kao poseban stru\u010dnjak sudjelovala sam na<strong> Foresight Workshop on Digital Legislation Implications for Education<\/strong> (DLIFE) Joint Research Centra i DG EAC. Na radionici smo analizirali kako EU regulative utje\u010du na obrazovna okru\u017eenja u nekoliko scenarija budu\u0107nosti te \u0161to bismo trebali napraviti kako bismo imali sigurna i uklju\u010diva digitalna obrazovna okru\u017eenja ako se neki od tih scenarija ostvari.<\/p>\n<p><em><span style=\"color: #e6a9ec\">Zanimljivost:<\/span> Ovo mi je bila prva foresight radionica i ba\u0161 je bilo zanimljivo diskutirati \u0161to bi se moglo dogoditi u budu\u0107nosti ako se neki od scenarija ostvari. Uvijek je zanimljivo \u010duti ideje i razmi\u0161ljanja drugih stru\u010dnjaka.<\/em><\/p>\n<p><a href=\"http:\/\/lidija-kralj.from.hr\/files\/2025\/10\/8.png\"><img loading=\"lazy\" class=\"alignleft size-medium wp-image-750\" src=\"http:\/\/lidija-kralj.from.hr\/files\/2025\/10\/8-300x160.png\" alt=\"\" width=\"300\" height=\"160\" srcset=\"http:\/\/lidija-kralj.from.hr\/files\/2025\/10\/8-300x160.png 300w, http:\/\/lidija-kralj.from.hr\/files\/2025\/10\/8-500x267.png 500w, http:\/\/lidija-kralj.from.hr\/files\/2025\/10\/8.png 622w\" sizes=\"(max-width: 300px) 100vw, 300px\" \/><\/a>Strasbourg je postao tradicionalno odredi\u0161te u listopadu jer se tada odr\u017eava <strong>konferencija Vije\u0107a Europe<\/strong> <a href=\"https:\/\/www.coe.int\/en\/web\/education\/-\/working-conference-on-regulating-the-use-of-ai-systems-in-education\">Working Conference on Regulating the use of AI systems in education<\/a>. Konferencija je bila usmjerena na definiranje djelotvornih na\u010dina reguliranja umjetne inteligencije u obrazovanju, osiguravanje uskla\u0111enosti s ljudskim pravima, demokracijom i vladavinom prava&nbsp;<\/p>\n<p><em><span style=\"color: #e6a9ec\">Zanimljivost:<\/span> Putovanje do Strasbourga i natrag je uvijek poseban do\u017eivljaj jer letim avionom do Z\u00fcricha, a zatim vlakom do Basela pa dalje do Strasbourga. U dobrom dru\u0161tvu kratko sam pro\u0161etala Z\u00fcrichom i Baselom (i posjetila LEbrickGO muzej).<\/em><\/p>\n<p><a href=\"http:\/\/lidija-kralj.from.hr\/files\/2025\/10\/9.jpg\"><img loading=\"lazy\" class=\"alignleft size-medium wp-image-751\" src=\"http:\/\/lidija-kralj.from.hr\/files\/2025\/10\/9-300x169.jpg\" alt=\"\" width=\"300\" height=\"169\" srcset=\"http:\/\/lidija-kralj.from.hr\/files\/2025\/10\/9-300x169.jpg 300w, http:\/\/lidija-kralj.from.hr\/files\/2025\/10\/9-1024x576.jpg 1024w, http:\/\/lidija-kralj.from.hr\/files\/2025\/10\/9-768x432.jpg 768w, http:\/\/lidija-kralj.from.hr\/files\/2025\/10\/9-1536x864.jpg 1536w, http:\/\/lidija-kralj.from.hr\/files\/2025\/10\/9-500x281.jpg 500w, http:\/\/lidija-kralj.from.hr\/files\/2025\/10\/9.jpg 1600w\" sizes=\"(max-width: 300px) 100vw, 300px\" \/><\/a>Ponedjeljak izme\u0111u povratka iz Brisela i odlaska za Strasbourg iskoristila sam za dva webinara, za sudionike European Digital Education Huba vodila sam webinar <strong>\u201cSupporting teachers on AI application in education\u201d<\/strong> na kojem smo razgovarali o razli\u010ditim perspektivama primjene umjetne inteligencije i utjecaju koji ona ima na u\u010denike i u\u010ditelje.<\/p>\n<p><strong>&nbsp;CodeWeek<\/strong> sudionicima pri\u010dala sam kako umjetna inteligencija mijenja pou\u010davanje programiranja i kodiranja.<\/p>\n<p><em><span style=\"color: #e6a9ec\">Zanimljivost:<\/span> Ovo je bio drugi webinar u kombinaciji majka \u2013 k\u0107er i mogu re\u0107i da se lijepo nadopunjavamo i vodimo ugodne profesionalne razgovore.<\/em><\/p>\n<p><a href=\"http:\/\/lidija-kralj.from.hr\/files\/2025\/10\/10.png\"><img loading=\"lazy\" class=\"alignright wp-image-752 size-medium\" src=\"http:\/\/lidija-kralj.from.hr\/files\/2025\/10\/10-300x148.png\" alt=\"\" width=\"300\" height=\"148\" srcset=\"http:\/\/lidija-kralj.from.hr\/files\/2025\/10\/10-300x148.png 300w, http:\/\/lidija-kralj.from.hr\/files\/2025\/10\/10-500x246.png 500w, http:\/\/lidija-kralj.from.hr\/files\/2025\/10\/10.png 632w\" sizes=\"(max-width: 300px) 100vw, 300px\" \/><\/a>Radionica European Digital Education Huba (EDEH) u Briselu, ovaj put je bila posve\u0107ena <strong>AI Explainability<\/strong> uz posebne razgovore s predstavnicima DG EAC, JRC te AI Ureda Europske komisije. Zanimljive diskusije o EU regulativi te na\u010dinima osiguravanja transparentnosti i dostupnosti informacija o UI sustavima u obrazovanju.<\/p>\n<p><em><span style=\"color: #e6a9ec\">Zanimljivost:<\/span> EDEH radionice su meni uvijek zanimljive i \u017eao mi je \u0161to ne sti\u017eem na vi\u0161e njih. No, eto jednu sam uspjela posjetiti 2024. i to ba\u0161 u Briselu, s vrlo dragim dru\u0161tvom, u lijepom hotelu u super kvartu.<\/em><\/p>\n<p><a href=\"https:\/\/21centuryeuteachers.eun.org\/\">21<sup>st<\/sup> Century European Teachers project (Teacher Academy project XXI-TEACH-EU<\/a>), je <a href=\"http:\/\/lidija-kralj.from.hr\/files\/2025\/10\/11a.png\"><img loading=\"lazy\" class=\"alignright size-medium wp-image-753\" src=\"http:\/\/lidija-kralj.from.hr\/files\/2025\/10\/11a-290x300.png\" alt=\"\" width=\"290\" height=\"300\" srcset=\"http:\/\/lidija-kralj.from.hr\/files\/2025\/10\/11a-290x300.png 290w, http:\/\/lidija-kralj.from.hr\/files\/2025\/10\/11a.png 475w\" sizes=\"(max-width: 290px) 100vw, 290px\" \/><\/a> <strong>Erasmus + projekt<\/strong> na kojem je <a href=\"http:\/\/www.eun.org\/\">European Schoolnet<\/a> partner, a ja sudjelujem kao projektni menad\u017eerica i analiti\u010darka. Projekt istra\u017euje mogu\u0107nosti bolje suradnje u\u010ditelja i studenata u\u010diteljskih fakulteta na temama tehnolo\u0161kog osna\u017eivanja, odr\u017eivosti, u\u010denja kroz igru i poduzetni\u0161tva. U okviru projekta organiziraju se studijski posjeti tijekom kojih projektni partneri posje\u0107uju \u0161kole i istra\u017euju modele suradni\u010dkog pripremanja i odr\u017eavanja nastave. Ovom prilikom posjetili smo U\u010diteljski fakultet u Helsinkiju i osnovnu \u0161kolu u Kokkoli.<\/p>\n<p><em><span style=\"color: #e6a9ec\">Zanimljivost:<\/span> Marimekko, Revolut automat na aerodromu, dobro dru\u0161tvo i finski vlakovi.<\/em><\/p>\n<p><a href=\"http:\/\/lidija-kralj.from.hr\/files\/2025\/10\/DigComp-Group-Photo.png\"><img loading=\"lazy\" class=\"alignright size-medium wp-image-754\" src=\"http:\/\/lidija-kralj.from.hr\/files\/2025\/10\/DigComp-Group-Photo-300x171.png\" alt=\"\" width=\"300\" height=\"171\" srcset=\"http:\/\/lidija-kralj.from.hr\/files\/2025\/10\/DigComp-Group-Photo-300x171.png 300w, http:\/\/lidija-kralj.from.hr\/files\/2025\/10\/DigComp-Group-Photo-1024x584.png 1024w, http:\/\/lidija-kralj.from.hr\/files\/2025\/10\/DigComp-Group-Photo-768x438.png 768w, http:\/\/lidija-kralj.from.hr\/files\/2025\/10\/DigComp-Group-Photo-500x285.png 500w, http:\/\/lidija-kralj.from.hr\/files\/2025\/10\/DigComp-Group-Photo.png 1427w\" sizes=\"(max-width: 300px) 100vw, 300px\" \/><\/a>Drugi sastanak stru\u010dnjaka na projektu<strong> \u201cSupport for development work on DigComp\u201d<\/strong> organizirali su Joint Research Center (JRC) i Directorate General for Employment, Social Affairs and Inclusion (DG EMPL) s ciljem a\u017euriranja Digital Competence Framework for Citizens (DigComp). Stru\u010dnjaci su dali povratne informacije o predlo\u017eenim promjenama, kao \u0161to su: struktura DigComp 3.0, revizije postoje\u0107ih DigComp elemenata; prijedlog dodavanja UI kompetencija, Twin Transition te ishode u\u010denja.<\/p>\n<p><em><span style=\"color: #e6a9ec\">Zanimljivost:<\/span> 2015. sam prvi put intenzivno radila na ishodima u\u010denja, i eto devet godina kasnije sve \u0161to sam tad nau\u010dila dobro do\u0111e. Inspirativno je biti dio ekipe koja radi na promjenama DigCompa.<\/em><\/p>\n<p>&nbsp;<\/p>\n","protected":false},"excerpt":{"rendered":"<p>Kao poseban stru\u010dnjak sudjelovala sam na Foresight Workshop on Digital Legislation Implications for Education (DLIFE) Joint Research Centra i DG EAC. Na radionici smo analizirali kako EU regulative utje\u010du na obrazovna okru\u017eenja u nekoliko scenarija budu\u0107nosti te \u0161to bismo trebali &hellip; <a href=\"http:\/\/lidija-kralj.from.hr\/?p=744\">Nastavi \u010ditati <span class=\"meta-nav\">&rarr;<\/span><\/a><\/p>\n","protected":false},"author":263,"featured_media":0,"comment_status":"closed","ping_status":"closed","sticky":false,"template":"","format":"standard","meta":{"ngg_post_thumbnail":0},"categories":[1],"tags":[],"yoast_head":"<!-- This site is optimized with the Yoast SEO plugin v17.5 - https:\/\/yoast.com\/wordpress\/plugins\/seo\/ -->\n<meta name=\"robots\" content=\"index, follow, max-snippet:-1, max-image-preview:large, max-video-preview:-1\" \/>\n<link rel=\"canonical\" href=\"http:\/\/lidija-kralj.from.hr\/?p=744\" \/>\n<meta property=\"og:locale\" content=\"hr_HR\" \/>\n<meta property=\"og:type\" content=\"article\" \/>\n<meta property=\"og:title\" content=\"Listopad 2024 - Digitalni tragovi \/ Digital traces\" \/>\n<meta property=\"og:description\" content=\"Kao poseban stru\u010dnjak sudjelovala sam na Foresight Workshop on Digital Legislation Implications for Education (DLIFE) Joint Research Centra i DG EAC. Na radionici smo analizirali kako EU regulative utje\u010du na obrazovna okru\u017eenja u nekoliko scenarija budu\u0107nosti te \u0161to bismo trebali &hellip; Nastavi \u010ditati &rarr;\" \/>\n<meta property=\"og:url\" content=\"http:\/\/lidija-kralj.from.hr\/?p=744\" \/>\n<meta property=\"og:site_name\" content=\"Digitalni tragovi \/ Digital traces\" \/>\n<meta property=\"article:published_time\" content=\"2024-10-30T16:12:51+00:00\" \/>\n<meta property=\"article:modified_time\" content=\"2025-01-05T16:37:14+00:00\" \/>\n<meta property=\"og:image\" content=\"http:\/\/from.hr\/lidija-kralj\/files\/2025\/10\/7-300x156.png\" \/>\n<meta name=\"twitter:card\" content=\"summary\" \/>\n<meta name=\"twitter:label1\" content=\"Napisao\/la\" \/>\n\t<meta name=\"twitter:data1\" content=\"lidija-kralj\" \/>\n\t<meta name=\"twitter:label2\" content=\"Procijenjeno vrijeme \u010ditanja\" \/>\n\t<meta name=\"twitter:data2\" content=\"3 minute\" \/>\n<script type=\"application\/ld+json\" class=\"yoast-schema-graph\">{\"@context\":\"https:\/\/schema.org\",\"@graph\":[{\"@type\":\"WebSite\",\"@id\":\"http:\/\/lidija-kralj.from.hr\/#website\",\"url\":\"http:\/\/lidija-kralj.from.hr\/\",\"name\":\"Digitalni tragovi \/ Digital traces\",\"description\":\"Kakve tragove ostavljate u virtualnom svijetu? \/ What traces do you leave in the virtual world?\",\"potentialAction\":[{\"@type\":\"SearchAction\",\"target\":{\"@type\":\"EntryPoint\",\"urlTemplate\":\"http:\/\/lidija-kralj.from.hr\/?s={search_term_string}\"},\"query-input\":\"required name=search_term_string\"}],\"inLanguage\":\"hr\"},{\"@type\":\"ImageObject\",\"@id\":\"http:\/\/lidija-kralj.from.hr\/?p=744#primaryimage\",\"inLanguage\":\"hr\",\"url\":\"http:\/\/from.hr\/lidija-kralj\/files\/2025\/10\/7-300x156.png\",\"contentUrl\":\"http:\/\/from.hr\/lidija-kralj\/files\/2025\/10\/7-300x156.png\"},{\"@type\":\"WebPage\",\"@id\":\"http:\/\/lidija-kralj.from.hr\/?p=744#webpage\",\"url\":\"http:\/\/lidija-kralj.from.hr\/?p=744\",\"name\":\"Listopad 2024 - Digitalni tragovi \/ Digital traces\",\"isPartOf\":{\"@id\":\"http:\/\/lidija-kralj.from.hr\/#website\"},\"primaryImageOfPage\":{\"@id\":\"http:\/\/lidija-kralj.from.hr\/?p=744#primaryimage\"},\"datePublished\":\"2024-10-30T16:12:51+00:00\",\"dateModified\":\"2025-01-05T16:37:14+00:00\",\"author\":{\"@id\":\"http:\/\/lidija-kralj.from.hr\/#\/schema\/person\/2673cfd11f5aa7ccfa5aeaa6c36b55ba\"},\"breadcrumb\":{\"@id\":\"http:\/\/lidija-kralj.from.hr\/?p=744#breadcrumb\"},\"inLanguage\":\"hr\",\"potentialAction\":[{\"@type\":\"ReadAction\",\"target\":[\"http:\/\/lidija-kralj.from.hr\/?p=744\"]}]},{\"@type\":\"BreadcrumbList\",\"@id\":\"http:\/\/lidija-kralj.from.hr\/?p=744#breadcrumb\",\"itemListElement\":[{\"@type\":\"ListItem\",\"position\":1,\"name\":\"Home\",\"item\":\"http:\/\/lidija-kralj.from.hr\/\"},{\"@type\":\"ListItem\",\"position\":2,\"name\":\"Listopad 2024\"}]},{\"@type\":\"Person\",\"@id\":\"http:\/\/lidija-kralj.from.hr\/#\/schema\/person\/2673cfd11f5aa7ccfa5aeaa6c36b55ba\",\"name\":\"lidija-kralj\",\"image\":{\"@type\":\"ImageObject\",\"@id\":\"http:\/\/lidija-kralj.from.hr\/#personlogo\",\"inLanguage\":\"hr\",\"url\":\"http:\/\/1.gravatar.com\/avatar\/db5f0e5638e2ffbfd250829a45e7c369?s=96&d=mm&r=g\",\"contentUrl\":\"http:\/\/1.gravatar.com\/avatar\/db5f0e5638e2ffbfd250829a45e7c369?s=96&d=mm&r=g\",\"caption\":\"lidija-kralj\"},\"url\":\"http:\/\/lidija-kralj.from.hr\/?author=263\"}]}<\/script>\n<!-- \/ Yoast SEO plugin. -->","yoast_head_json":{"robots":{"index":"index","follow":"follow","max-snippet":"max-snippet:-1","max-image-preview":"max-image-preview:large","max-video-preview":"max-video-preview:-1"},"canonical":"http:\/\/lidija-kralj.from.hr\/?p=744","og_locale":"hr_HR","og_type":"article","og_title":"Listopad 2024 - Digitalni tragovi \/ Digital traces","og_description":"Kao poseban stru\u010dnjak sudjelovala sam na Foresight Workshop on Digital Legislation Implications for Education (DLIFE) Joint Research Centra i DG EAC. Na radionici smo analizirali kako EU regulative utje\u010du na obrazovna okru\u017eenja u nekoliko scenarija budu\u0107nosti te \u0161to bismo trebali &hellip; Nastavi \u010ditati &rarr;","og_url":"http:\/\/lidija-kralj.from.hr\/?p=744","og_site_name":"Digitalni tragovi \/ Digital traces","article_published_time":"2024-10-30T16:12:51+00:00","article_modified_time":"2025-01-05T16:37:14+00:00","og_image":[{"url":"http:\/\/from.hr\/lidija-kralj\/files\/2025\/10\/7-300x156.png"}],"twitter_card":"summary","twitter_misc":{"Napisao\/la":"lidija-kralj","Procijenjeno vrijeme \u010ditanja":"3 minute"},"schema":{"@context":"https:\/\/schema.org","@graph":[{"@type":"WebSite","@id":"http:\/\/lidija-kralj.from.hr\/#website","url":"http:\/\/lidija-kralj.from.hr\/","name":"Digitalni tragovi \/ Digital traces","description":"Kakve tragove ostavljate u virtualnom svijetu? \/ What traces do you leave in the virtual world?","potentialAction":[{"@type":"SearchAction","target":{"@type":"EntryPoint","urlTemplate":"http:\/\/lidija-kralj.from.hr\/?s={search_term_string}"},"query-input":"required name=search_term_string"}],"inLanguage":"hr"},{"@type":"ImageObject","@id":"http:\/\/lidija-kralj.from.hr\/?p=744#primaryimage","inLanguage":"hr","url":"http:\/\/from.hr\/lidija-kralj\/files\/2025\/10\/7-300x156.png","contentUrl":"http:\/\/from.hr\/lidija-kralj\/files\/2025\/10\/7-300x156.png"},{"@type":"WebPage","@id":"http:\/\/lidija-kralj.from.hr\/?p=744#webpage","url":"http:\/\/lidija-kralj.from.hr\/?p=744","name":"Listopad 2024 - Digitalni tragovi \/ Digital traces","isPartOf":{"@id":"http:\/\/lidija-kralj.from.hr\/#website"},"primaryImageOfPage":{"@id":"http:\/\/lidija-kralj.from.hr\/?p=744#primaryimage"},"datePublished":"2024-10-30T16:12:51+00:00","dateModified":"2025-01-05T16:37:14+00:00","author":{"@id":"http:\/\/lidija-kralj.from.hr\/#\/schema\/person\/2673cfd11f5aa7ccfa5aeaa6c36b55ba"},"breadcrumb":{"@id":"http:\/\/lidija-kralj.from.hr\/?p=744#breadcrumb"},"inLanguage":"hr","potentialAction":[{"@type":"ReadAction","target":["http:\/\/lidija-kralj.from.hr\/?p=744"]}]},{"@type":"BreadcrumbList","@id":"http:\/\/lidija-kralj.from.hr\/?p=744#breadcrumb","itemListElement":[{"@type":"ListItem","position":1,"name":"Home","item":"http:\/\/lidija-kralj.from.hr\/"},{"@type":"ListItem","position":2,"name":"Listopad 2024"}]},{"@type":"Person","@id":"http:\/\/lidija-kralj.from.hr\/#\/schema\/person\/2673cfd11f5aa7ccfa5aeaa6c36b55ba","name":"lidija-kralj","image":{"@type":"ImageObject","@id":"http:\/\/lidija-kralj.from.hr\/#personlogo","inLanguage":"hr","url":"http:\/\/1.gravatar.com\/avatar\/db5f0e5638e2ffbfd250829a45e7c369?s=96&d=mm&r=g","contentUrl":"http:\/\/1.gravatar.com\/avatar\/db5f0e5638e2ffbfd250829a45e7c369?s=96&d=mm&r=g","caption":"lidija-kralj"},"url":"http:\/\/lidija-kralj.from.hr\/?author=263"}]}},"_links":{"self":[{"href":"http:\/\/lidija-kralj.from.hr\/index.php?rest_route=\/wp\/v2\/posts\/744"}],"collection":[{"href":"http:\/\/lidija-kralj.from.hr\/index.php?rest_route=\/wp\/v2\/posts"}],"about":[{"href":"http:\/\/lidija-kralj.from.hr\/index.php?rest_route=\/wp\/v2\/types\/post"}],"author":[{"embeddable":true,"href":"http:\/\/lidija-kralj.from.hr\/index.php?rest_route=\/wp\/v2\/users\/263"}],"replies":[{"embeddable":true,"href":"http:\/\/lidija-kralj.from.hr\/index.php?rest_route=%2Fwp%2Fv2%2Fcomments&post=744"}],"version-history":[{"count":4,"href":"http:\/\/lidija-kralj.from.hr\/index.php?rest_route=\/wp\/v2\/posts\/744\/revisions"}],"predecessor-version":[{"id":756,"href":"http:\/\/lidija-kralj.from.hr\/index.php?rest_route=\/wp\/v2\/posts\/744\/revisions\/756"}],"wp:attachment":[{"href":"http:\/\/lidija-kralj.from.hr\/index.php?rest_route=%2Fwp%2Fv2%2Fmedia&parent=744"}],"wp:term":[{"taxonomy":"category","embeddable":true,"href":"http:\/\/lidija-kralj.from.hr\/index.php?rest_route=%2Fwp%2Fv2%2Fcategories&post=744"},{"taxonomy":"post_tag","embeddable":true,"href":"http:\/\/lidija-kralj.from.hr\/index.php?rest_route=%2Fwp%2Fv2%2Ftags&post=744"}],"curies":[{"name":"wp","href":"https:\/\/api.w.org\/{rel}","templated":true}]}}