{"id":561,"date":"2021-02-11T15:32:13","date_gmt":"2021-02-11T14:32:13","guid":{"rendered":"http:\/\/lidija-kralj.from.hr\/?p=561"},"modified":"2021-02-11T15:36:33","modified_gmt":"2021-02-11T14:36:33","slug":"enable-vrsnjacka-potpora","status":"publish","type":"post","link":"http:\/\/lidija-kralj.from.hr\/?p=561","title":{"rendered":"ENABLE &#8211; vr\u0161nja\u010dka potpora"},"content":{"rendered":"<p>Europska mre\u017ea protiv vr\u0161nja\u010dkog nasilja na nastavi i u slobodnom vremenu nastoji sprije\u010diti vr\u0161nja\u010dko nasilje u razli\u010ditim okru\u017eenjima te doprinijeti dobrobiti djece u dobi od 11 do 14 godina usmjeravaju\u0107i se na pru\u017eanje vr\u0161nja\u010dke potpore te poticanje dru\u0161tvenog i emocionalnog razvoja.<img loading=\"lazy\" class=\"alignright wp-image-2932 size-medium smartify\" src=\"https:\/\/ucitelji.hr\/wp-content\/uploads\/2020\/09\/enable-300x129.jpg\" alt=\"\" width=\"300\" height=\"129\"><\/p>\n<p><a href=\"https:\/\/ucitelji.hr\/enable-obrazovni-sadrzaji\/\">ENABLE<\/a>&nbsp;&nbsp;(Europska mre\u017ea protiv zlostavljanja na&nbsp;nastavi i&nbsp;u&nbsp;slobodnome vremenu) nastoji pridonijeti dobrobiti djece uspostavom metodologija koje su se pokazale uspje\u0161nima u&nbsp;rje\u0161avanju problema vr\u0161nja\u010dkoga nasilja i&nbsp;kreiranju holisti\u010dkoga pristupa utemeljenoga na&nbsp;razvoju potrebnih vje\u0161tina.<\/p>\n<p>Projekt&nbsp;<a href=\"https:\/\/ucitelji.hr\/enable-obrazovni-sadrzaji\/\">ENABLE<\/a>&nbsp;financiran je iz fondova Europske unije od 2014. do 2016. godine, a&nbsp;provelo ga \u0161est osnovnih partnera u&nbsp;pet zemalja, European Schoolnet (Belgija), Centre for Digitale Paedagogik (Danska), Princess Diana Awards (UK), South West Grid for Learning (UK), Suradnici u u\u010denju (Hrvatska), For Adolescent Health (Gr\u010dka) te podr\u0161ku tvrtki Vodafone, Facebook, Twitter, Ask.fm i Liberty Global.<\/p>\n<p>Cilj&nbsp;<a href=\"https:\/\/ucitelji.hr\/enable-obrazovni-sadrzaji\/\">ENABLE<\/a>&nbsp;je sprije\u010diti vr\u0161nja\u010dko nasilje u razli\u010ditim okru\u017eenjima te doprinijeti dobrobiti djece u dobi od 11 do 14 godina usmjeravaju\u0107i se na pru\u017eanje vr\u0161nja\u010dke potpore te poticanje dru\u0161tvenog i emocionalnog razvoja.<\/p>\n<p><a href=\"https:\/\/ucitelji.hr\/enable-obrazovni-sadrzaji\/\">ENABLE<\/a>&nbsp;zauzima holisti\u010dki i&nbsp;odr\u017eivi pristup smanjenju vr\u0161nja\u010dkoga nasilja uklju\u010divanjem u\u010denika, djelatnika \u0161kole i&nbsp; roditelja\/skrbnika. Na&nbsp; pona\u0161anje u\u010denika utje\u010de se putem deset radionica dru\u0161tvenoga i&nbsp; emocionalnoga u\u010denja koje razvijaju dru\u0161tvene i&nbsp; emocionalne vje\u0161tine i&nbsp; poti\u010du ih na&nbsp;promi\u0161ljanje o&nbsp;vlastitome pona\u0161anju i&nbsp;pona\u0161anju njihovih vr\u0161njaka. ENABLE slu\u017ei i&nbsp;za&nbsp;edukaciju djelatnika \u0161kole, u\u010denika i&nbsp;roditelja\/skrbnika o&nbsp;vr\u0161nja\u010dkome nasilju, kako se s&nbsp;njime nositi i&nbsp;koje se u\u010dinkovite mjere mogu uvesti da bi se ono sprije\u010dilo i&nbsp;da bi se u&nbsp;najve\u0107oj mogu\u0107oj mjeri smanjio u\u010dinak na&nbsp;pojedince. Putem jednodnevne radionice i&nbsp;ukupno deset tjednih sastanaka, materijala za&nbsp;kampanju i&nbsp;aktivnosti vr\u0161nja\u010dkoga promi\u0161ljanja djelatnici \u0161kole dobit \u0107e prijedlog progresivne strukture i&nbsp; aktivnosti za&nbsp; odabranu skupinu u\u010denika za&nbsp; pru\u017eanje vr\u0161nja\u010dke potpore. U\u010denici za&nbsp; pru\u017eanje vr\u0161nja\u010dke potpore provode kampanje i&nbsp;aktivnosti za&nbsp;edukaciju cijele zajednice (uklju\u010duju\u0107i roditelje\/skrbnike) o&nbsp;vr\u0161nja\u010dkome nasilju, poti\u010du u\u010denike na&nbsp;promi\u0161ljanje o&nbsp;svome pona\u0161anju i&nbsp;tako stvaraju kulturu u&nbsp;kojoj \u0107e u\u010denici otvoreno govoriti o&nbsp;vr\u0161nja\u010dkome nasilju, me\u0111usobno se podr\u017eavati i&nbsp;uva\u017eavati me\u0111usobne razli\u010ditosti.<\/p>\n<p>Psiholog Abraham Maslow opisao je hijerarhiju potreba za&nbsp;koju smatra da mo\u017ee slu\u017eiti kao model za&nbsp;razumijevanje potrebe za&nbsp;me\u0111uljudskim odnosima. Da bi pojedinac i&nbsp;razmi\u0161ljao o&nbsp;potrebama vi\u0161e razine, najprije mora zadovoljiti one koje se nalaze na&nbsp;ni\u017eim razinama piramide, kao \u0161to su fizi\u010dke potrebe i&nbsp; sigurnost. Ako su im ugro\u017eene emocionalna i&nbsp; fizi\u010dka sigurnost, u\u010denici \u0107e ve\u0107inu svoga vremena, energije i&nbsp; kreativnosti iskoristiti za&nbsp;samopre\u017eivljavanje. Takvi problemi ometaju u\u010denje. U&nbsp;\u0161koli su \u010desto izra\u017eene potrebe za&nbsp; pripadanjem. Djeca moraju znati da su prihva\u0107ena u&nbsp; razredu. Odnosi u&nbsp; skupini vr\u0161njaka znatno utje\u010du na&nbsp;uspjeh u&nbsp;\u0161koli. U\u010denje u&nbsp;neprijateljski raspolo\u017eenim razredima i&nbsp;\u0161kolama vrlo je te\u0161ko. Izradom i&nbsp;pru\u017eanjem sastavnih elemenata za&nbsp;stvaranje okru\u017eenja koje podr\u017eava u\u010denje&nbsp;<a href=\"https:\/\/ucitelji.hr\/enable-obrazovni-sadrzaji\/\">ENABLE<\/a>&nbsp;mo\u017ee pridonijeti pretvaranju razreda u&nbsp; okru\u017eenje koje pru\u017ea potporu i&nbsp;osje\u0107aj pripadnosti.<\/p>\n<p>Nastavni sati pripremljeni za&nbsp;projekt&nbsp;<a href=\"https:\/\/ucitelji.hr\/enable-obrazovni-sadrzaji\/\">ENABLE<\/a>&nbsp;obuhva\u0107aju \u010detiri podru\u010dja emocionalne inteligencije (samopouzdanje, dru\u0161tvena svijest, samoregulacija, upravljanje odnosima). Op\u0107enito govore\u0107i, ta se nastava temelji na prethodnome znanju iz \u010detiriju navedenih podru\u010dja.<img loading=\"lazy\" class=\"alignright wp-image-3706 size-medium smartify\" src=\"https:\/\/ucitelji.hr\/wp-content\/uploads\/2021\/01\/enable-pregled-300x290.png\" alt=\"\" width=\"300\" height=\"290\"><\/p>\n<p>Nastavne teme, osmi\u0161ljene su kako bi bile zanimljive, poticale na istra\u017eivanje i vodile u\u010denike raznim putevima do rje\u0161enja:<\/p>\n<ul>\n<li><strong><span style=\"color: #e6a9ec\">Samosvijest:<\/span>&nbsp;<\/strong>razumijevanje kako i za\u0161to se osje\u0107amo tako kako se osje\u0107amo, izgra\u0111ivanje emocionalnog rje\u010dnika za izra\u017eavanje osje\u0107aja i upoznavanje s pokazateljima vlastitog pona\u0161anja<\/li>\n<li><strong><span style=\"color: #e6a9ec\">Upravljanje sobom:<\/span>&nbsp;<\/strong>reagiranje na vlastite emocije i oblikovanje pozitivnih ishoda kori\u0161tenjem raznih osobnih strategija<\/li>\n<li><strong><span style=\"color: #e6a9ec\">Dru\u0161tvena osvije\u0161tenost:<\/span>&nbsp;<\/strong>prepoznavanje emocija kod drugih osoba, uklju\u010duju\u0107i vr\u0161njake; tuma\u010denje dru\u0161tvenih pokazatelja i situacija te razvoj pozitivnih reakcija<\/li>\n<li><strong><span style=\"color: #e6a9ec\">Dru\u0161tveno upravljanje:<\/span>&nbsp;<\/strong>izgradnja niza osobnih strategija koje utje\u010du na potencijalno vr\u0161nja\u010dko nasilje kroz osmi\u0161ljavanje pozitivnih ishoda. Dogovor o zajedni\u010dkim ciljevima za stvaranje pozitivnog okru\u017eenja u \u0161koli.<\/li>\n<\/ul>\n<p>Sheme vr\u0161nja\u010dke potpore u projektu&nbsp;<a href=\"https:\/\/ucitelji.hr\/enable-obrazovni-sadrzaji\/\">ENABLE<\/a>&nbsp;utemeljene su na&nbsp;konceptu u\u010deni\u010dkoga tijela koje na&nbsp;neki na\u010din nudi podr\u0161ku svojim vr\u0161njacima. U\u010denici za&nbsp;pru\u017eanje vr\u0161nja\u010dke potpore odgovorni su u\u010denici i&nbsp;predstavnici u\u010deni\u010dke populacije koji se zala\u017eu za&nbsp;pobolj\u0161anje odre\u0111ene situacije u&nbsp;\u0161koli.<\/p>\n<p>Sheme vr\u0161nja\u010dke potpore dokazano su vi\u0161estruko korisne \u0161kolama i&nbsp;u\u010denicima za&nbsp;pru\u017eanje vr\u0161nja\u010dke potpore:<\/p>\n<ul>\n<li>U\u010denici koji pru\u017eaju vr\u0161nja\u010dku potporu stje\u010du va\u017ene vje\u0161tine, uklju\u010duju\u0107i ve\u0107e samopouzdanje, osje\u0107aj odgovornosti, aktivno slu\u0161anje, empatiju i&nbsp;komunikacijske vje\u0161tine.<\/li>\n<li>U\u010denici za&nbsp;pru\u017eanje vr\u0161nja\u010dke potpore neprocjenjiva su podr\u0161ka u\u010denicima koji nemaju prijatelja ili ih imaju vrlo malo.<\/li>\n<li>U\u010denici za&nbsp; pru\u017eanje vr\u0161nja\u010dke potpore \u010desto imaju vi\u0161e dodirnih to\u010daka s&nbsp;u\u010denicima kojima je potrebna pomo\u0107 nego odrasli. U\u010denicima koji su do\u017eivjeli vr\u0161nja\u010dko nasilje stoga je vrlo korisno razgovarati s&nbsp;vr\u0161njakom .<\/li>\n<li>U\u010denici \u0107e \u010de\u0161\u0107e poslu\u0161ati nekog vr\u0161njaka nego odraslu osobu. Sheme vr\u0161nja\u010dke potpore stoga mogu utjecati na&nbsp; pona\u0161anje i&nbsp; pozitivno utjecati na&nbsp;kulturu \u0161kole.<\/li>\n<li>Sheme vr\u0161nja\u010dke potpore mogu potaknuti osje\u0107aj pozitivnoga gra\u0111anstva u&nbsp;\u0161koli.<\/li>\n<li>Provedbom sheme vr\u0161nja\u010dke potpore pove\u0107ava se ugled \u0161kole u&nbsp; tome podru\u010dju jer \u0161kola time pokazuje da joj je stalo do&nbsp;dobrobiti u\u010denika.<\/li>\n<\/ul>\n<p>Pogledajte sve obrazovne sadr\u017eaje pripremljene u projektu&nbsp;<a href=\"https:\/\/ucitelji.hr\/enable-obrazovni-sadrzaji\/\">ENABLE<\/a>&nbsp;kako biste ih u\u010dinkovito i svrhovito primijenili u svojem okru\u017eenju.<\/p>\n<p><img loading=\"lazy\" class=\"aligncenter wp-image-3707 size-medium smartify\" src=\"https:\/\/ucitelji.hr\/wp-content\/uploads\/2021\/01\/enable-materijali-300x159.png\" alt=\"\" width=\"300\" height=\"159\"><\/p>\n<p><a href=\"http:\/\/enable.eun.org\/about-enable-croatian\">Mre\u017ena stranica cijelog projekta ENABLE<\/a>.<\/p>\n","protected":false},"excerpt":{"rendered":"<p>Europska mre\u017ea protiv vr\u0161nja\u010dkog nasilja na nastavi i u slobodnom vremenu nastoji sprije\u010diti vr\u0161nja\u010dko nasilje u razli\u010ditim okru\u017eenjima te doprinijeti dobrobiti djece u dobi od 11 do 14 godina usmjeravaju\u0107i se na pru\u017eanje vr\u0161nja\u010dke potpore te poticanje dru\u0161tvenog i emocionalnog &hellip; <a href=\"http:\/\/lidija-kralj.from.hr\/?p=561\">Nastavi \u010ditati <span class=\"meta-nav\">&rarr;<\/span><\/a><\/p>\n","protected":false},"author":263,"featured_media":0,"comment_status":"closed","ping_status":"closed","sticky":false,"template":"","format":"standard","meta":{"ngg_post_thumbnail":0},"categories":[20,17],"tags":[],"yoast_head":"<!-- This site is optimized with the Yoast SEO plugin v17.5 - https:\/\/yoast.com\/wordpress\/plugins\/seo\/ -->\n<meta name=\"robots\" content=\"index, follow, max-snippet:-1, max-image-preview:large, max-video-preview:-1\" \/>\n<link rel=\"canonical\" href=\"http:\/\/lidija-kralj.from.hr\/?p=561\" \/>\n<meta property=\"og:locale\" content=\"hr_HR\" \/>\n<meta property=\"og:type\" content=\"article\" \/>\n<meta property=\"og:title\" content=\"ENABLE - vr\u0161nja\u010dka potpora - Digitalni tragovi \/ Digital traces\" \/>\n<meta property=\"og:description\" content=\"Europska mre\u017ea protiv vr\u0161nja\u010dkog nasilja na nastavi i u slobodnom vremenu nastoji sprije\u010diti vr\u0161nja\u010dko nasilje u razli\u010ditim okru\u017eenjima te doprinijeti dobrobiti djece u dobi od 11 do 14 godina usmjeravaju\u0107i se na pru\u017eanje vr\u0161nja\u010dke potpore te poticanje dru\u0161tvenog i emocionalnog &hellip; Nastavi \u010ditati &rarr;\" \/>\n<meta property=\"og:url\" content=\"http:\/\/lidija-kralj.from.hr\/?p=561\" \/>\n<meta property=\"og:site_name\" content=\"Digitalni tragovi \/ Digital traces\" \/>\n<meta property=\"article:published_time\" content=\"2021-02-11T14:32:13+00:00\" \/>\n<meta property=\"article:modified_time\" content=\"2021-02-11T14:36:33+00:00\" \/>\n<meta property=\"og:image\" content=\"https:\/\/ucitelji.hr\/wp-content\/uploads\/2020\/09\/enable-300x129.jpg\" \/>\n<meta name=\"twitter:card\" content=\"summary\" \/>\n<meta name=\"twitter:label1\" content=\"Napisao\/la\" \/>\n\t<meta name=\"twitter:data1\" content=\"lidija-kralj\" \/>\n\t<meta name=\"twitter:label2\" content=\"Procijenjeno vrijeme \u010ditanja\" \/>\n\t<meta name=\"twitter:data2\" content=\"6 minuta\" \/>\n<script type=\"application\/ld+json\" class=\"yoast-schema-graph\">{\"@context\":\"https:\/\/schema.org\",\"@graph\":[{\"@type\":\"WebSite\",\"@id\":\"http:\/\/lidija-kralj.from.hr\/#website\",\"url\":\"http:\/\/lidija-kralj.from.hr\/\",\"name\":\"Digitalni tragovi \/ Digital traces\",\"description\":\"Kakve tragove ostavljate u virtualnom svijetu? \/ What traces do you leave in the virtual world?\",\"potentialAction\":[{\"@type\":\"SearchAction\",\"target\":{\"@type\":\"EntryPoint\",\"urlTemplate\":\"http:\/\/lidija-kralj.from.hr\/?s={search_term_string}\"},\"query-input\":\"required name=search_term_string\"}],\"inLanguage\":\"hr\"},{\"@type\":\"ImageObject\",\"@id\":\"http:\/\/lidija-kralj.from.hr\/?p=561#primaryimage\",\"inLanguage\":\"hr\",\"url\":\"https:\/\/ucitelji.hr\/wp-content\/uploads\/2020\/09\/enable-300x129.jpg\",\"contentUrl\":\"https:\/\/ucitelji.hr\/wp-content\/uploads\/2020\/09\/enable-300x129.jpg\"},{\"@type\":\"WebPage\",\"@id\":\"http:\/\/lidija-kralj.from.hr\/?p=561#webpage\",\"url\":\"http:\/\/lidija-kralj.from.hr\/?p=561\",\"name\":\"ENABLE - vr\\u0161nja\\u010dka potpora - Digitalni tragovi \/ Digital traces\",\"isPartOf\":{\"@id\":\"http:\/\/lidija-kralj.from.hr\/#website\"},\"primaryImageOfPage\":{\"@id\":\"http:\/\/lidija-kralj.from.hr\/?p=561#primaryimage\"},\"datePublished\":\"2021-02-11T14:32:13+00:00\",\"dateModified\":\"2021-02-11T14:36:33+00:00\",\"author\":{\"@id\":\"http:\/\/lidija-kralj.from.hr\/#\/schema\/person\/2673cfd11f5aa7ccfa5aeaa6c36b55ba\"},\"breadcrumb\":{\"@id\":\"http:\/\/lidija-kralj.from.hr\/?p=561#breadcrumb\"},\"inLanguage\":\"hr\",\"potentialAction\":[{\"@type\":\"ReadAction\",\"target\":[\"http:\/\/lidija-kralj.from.hr\/?p=561\"]}]},{\"@type\":\"BreadcrumbList\",\"@id\":\"http:\/\/lidija-kralj.from.hr\/?p=561#breadcrumb\",\"itemListElement\":[{\"@type\":\"ListItem\",\"position\":1,\"name\":\"Home\",\"item\":\"http:\/\/lidija-kralj.from.hr\/\"},{\"@type\":\"ListItem\",\"position\":2,\"name\":\"ENABLE &#8211; vr\\u0161nja\\u010dka potpora\"}]},{\"@type\":\"Person\",\"@id\":\"http:\/\/lidija-kralj.from.hr\/#\/schema\/person\/2673cfd11f5aa7ccfa5aeaa6c36b55ba\",\"name\":\"lidija-kralj\",\"image\":{\"@type\":\"ImageObject\",\"@id\":\"http:\/\/lidija-kralj.from.hr\/#personlogo\",\"inLanguage\":\"hr\",\"url\":\"http:\/\/1.gravatar.com\/avatar\/db5f0e5638e2ffbfd250829a45e7c369?s=96&d=mm&r=g\",\"contentUrl\":\"http:\/\/1.gravatar.com\/avatar\/db5f0e5638e2ffbfd250829a45e7c369?s=96&d=mm&r=g\",\"caption\":\"lidija-kralj\"},\"url\":\"http:\/\/lidija-kralj.from.hr\/?author=263\"}]}<\/script>\n<!-- \/ Yoast SEO plugin. -->","yoast_head_json":{"robots":{"index":"index","follow":"follow","max-snippet":"max-snippet:-1","max-image-preview":"max-image-preview:large","max-video-preview":"max-video-preview:-1"},"canonical":"http:\/\/lidija-kralj.from.hr\/?p=561","og_locale":"hr_HR","og_type":"article","og_title":"ENABLE - vr\u0161nja\u010dka potpora - Digitalni tragovi \/ Digital traces","og_description":"Europska mre\u017ea protiv vr\u0161nja\u010dkog nasilja na nastavi i u slobodnom vremenu nastoji sprije\u010diti vr\u0161nja\u010dko nasilje u razli\u010ditim okru\u017eenjima te doprinijeti dobrobiti djece u dobi od 11 do 14 godina usmjeravaju\u0107i se na pru\u017eanje vr\u0161nja\u010dke potpore te poticanje dru\u0161tvenog i emocionalnog &hellip; Nastavi \u010ditati &rarr;","og_url":"http:\/\/lidija-kralj.from.hr\/?p=561","og_site_name":"Digitalni tragovi \/ Digital traces","article_published_time":"2021-02-11T14:32:13+00:00","article_modified_time":"2021-02-11T14:36:33+00:00","og_image":[{"url":"https:\/\/ucitelji.hr\/wp-content\/uploads\/2020\/09\/enable-300x129.jpg"}],"twitter_card":"summary","twitter_misc":{"Napisao\/la":"lidija-kralj","Procijenjeno vrijeme \u010ditanja":"6 minuta"},"schema":{"@context":"https:\/\/schema.org","@graph":[{"@type":"WebSite","@id":"http:\/\/lidija-kralj.from.hr\/#website","url":"http:\/\/lidija-kralj.from.hr\/","name":"Digitalni tragovi \/ Digital traces","description":"Kakve tragove ostavljate u virtualnom svijetu? \/ What traces do you leave in the virtual world?","potentialAction":[{"@type":"SearchAction","target":{"@type":"EntryPoint","urlTemplate":"http:\/\/lidija-kralj.from.hr\/?s={search_term_string}"},"query-input":"required name=search_term_string"}],"inLanguage":"hr"},{"@type":"ImageObject","@id":"http:\/\/lidija-kralj.from.hr\/?p=561#primaryimage","inLanguage":"hr","url":"https:\/\/ucitelji.hr\/wp-content\/uploads\/2020\/09\/enable-300x129.jpg","contentUrl":"https:\/\/ucitelji.hr\/wp-content\/uploads\/2020\/09\/enable-300x129.jpg"},{"@type":"WebPage","@id":"http:\/\/lidija-kralj.from.hr\/?p=561#webpage","url":"http:\/\/lidija-kralj.from.hr\/?p=561","name":"ENABLE - vr\u0161nja\u010dka potpora - Digitalni tragovi \/ Digital traces","isPartOf":{"@id":"http:\/\/lidija-kralj.from.hr\/#website"},"primaryImageOfPage":{"@id":"http:\/\/lidija-kralj.from.hr\/?p=561#primaryimage"},"datePublished":"2021-02-11T14:32:13+00:00","dateModified":"2021-02-11T14:36:33+00:00","author":{"@id":"http:\/\/lidija-kralj.from.hr\/#\/schema\/person\/2673cfd11f5aa7ccfa5aeaa6c36b55ba"},"breadcrumb":{"@id":"http:\/\/lidija-kralj.from.hr\/?p=561#breadcrumb"},"inLanguage":"hr","potentialAction":[{"@type":"ReadAction","target":["http:\/\/lidija-kralj.from.hr\/?p=561"]}]},{"@type":"BreadcrumbList","@id":"http:\/\/lidija-kralj.from.hr\/?p=561#breadcrumb","itemListElement":[{"@type":"ListItem","position":1,"name":"Home","item":"http:\/\/lidija-kralj.from.hr\/"},{"@type":"ListItem","position":2,"name":"ENABLE &#8211; vr\u0161nja\u010dka potpora"}]},{"@type":"Person","@id":"http:\/\/lidija-kralj.from.hr\/#\/schema\/person\/2673cfd11f5aa7ccfa5aeaa6c36b55ba","name":"lidija-kralj","image":{"@type":"ImageObject","@id":"http:\/\/lidija-kralj.from.hr\/#personlogo","inLanguage":"hr","url":"http:\/\/1.gravatar.com\/avatar\/db5f0e5638e2ffbfd250829a45e7c369?s=96&d=mm&r=g","contentUrl":"http:\/\/1.gravatar.com\/avatar\/db5f0e5638e2ffbfd250829a45e7c369?s=96&d=mm&r=g","caption":"lidija-kralj"},"url":"http:\/\/lidija-kralj.from.hr\/?author=263"}]}},"_links":{"self":[{"href":"http:\/\/lidija-kralj.from.hr\/index.php?rest_route=\/wp\/v2\/posts\/561"}],"collection":[{"href":"http:\/\/lidija-kralj.from.hr\/index.php?rest_route=\/wp\/v2\/posts"}],"about":[{"href":"http:\/\/lidija-kralj.from.hr\/index.php?rest_route=\/wp\/v2\/types\/post"}],"author":[{"embeddable":true,"href":"http:\/\/lidija-kralj.from.hr\/index.php?rest_route=\/wp\/v2\/users\/263"}],"replies":[{"embeddable":true,"href":"http:\/\/lidija-kralj.from.hr\/index.php?rest_route=%2Fwp%2Fv2%2Fcomments&post=561"}],"version-history":[{"count":3,"href":"http:\/\/lidija-kralj.from.hr\/index.php?rest_route=\/wp\/v2\/posts\/561\/revisions"}],"predecessor-version":[{"id":564,"href":"http:\/\/lidija-kralj.from.hr\/index.php?rest_route=\/wp\/v2\/posts\/561\/revisions\/564"}],"wp:attachment":[{"href":"http:\/\/lidija-kralj.from.hr\/index.php?rest_route=%2Fwp%2Fv2%2Fmedia&parent=561"}],"wp:term":[{"taxonomy":"category","embeddable":true,"href":"http:\/\/lidija-kralj.from.hr\/index.php?rest_route=%2Fwp%2Fv2%2Fcategories&post=561"},{"taxonomy":"post_tag","embeddable":true,"href":"http:\/\/lidija-kralj.from.hr\/index.php?rest_route=%2Fwp%2Fv2%2Ftags&post=561"}],"curies":[{"name":"wp","href":"https:\/\/api.w.org\/{rel}","templated":true}]}}