{"id":481,"date":"2015-11-02T08:40:42","date_gmt":"2015-11-02T07:40:42","guid":{"rendered":"http:\/\/lidija-kralj.from.hr\/?p=481"},"modified":"2015-11-02T08:45:25","modified_gmt":"2015-11-02T07:45:25","slug":"obrazovanje-nije-otok-sam-za-sebe","status":"publish","type":"post","link":"http:\/\/lidija-kralj.from.hr\/?p=481","title":{"rendered":"Obrazovanje nije otok sam za sebe"},"content":{"rendered":"<p>Obrazovanje je jedan od temelja dru\u0161tva, poma\u017ee da dru\u0161tvo postane bolje, poma\u017ee nam da odrastanjem postanemo bolji, pametniji, spretniji, otvoreniji, dru\u0161tveniji i odgovorniji ljudi. <span style=\"color: #e6a9ec\">Obrazovanje nije otok sam za sebe, svatko od nas je dio sustava obrazovanja, svatko od nas utje\u010de na njegov oblik, kvalitetu, u\u010dinkovitost i smislenost. \u00a0I zato ne pitaj kome \u0161kolsko zvono zvoni; Tebi zvoni.<\/span> Parafraziraju\u0107i Donnea skre\u0107em vam pa\u017enju da svi zajedno mo\u017eemo u\u010diniti da obrazovanje u Hrvatskoj bude bolje ili mo\u017eemo ignorirati \u0161kolsko zvono i pustiti da obrazovanje polako tone.<\/p>\n<p>Krenimo od pretpostavke da ipak \u017eelimo bolje obrazovanje. <span style=\"color: #e6a9ec\">\u0160to bismo mogli u\u010diniti?<\/span><\/p>\n<p><b><strong>Podr\u0161ka obrazovanju<\/strong>u<\/b><\/p>\n<p>Hrvatski sustav obrazovanje naj\u010de\u0161\u0107e nije dobro povezan s roditeljima i lokalnom zajednicom. \u010citaju\u0107i kako nizozemski roditelji ure\u0111uju u\u010dionice, pripremaju jela za razredne, sve\u010dane ve\u010dere ili de\u017euraju pod odmorima zajedno s u\u010diteljima pitam se koliko toga bi bilo izvedivo u na\u0161im \u0161kolama. Zar su samo kod nas roditelji toliko prezaposleni da nemaju vremena za djecu, ili smatraju da su djeca i \u0161kole briga samo u\u010ditelja? Pru\u017eanjem podr\u0161ke \u0161koli i u\u010diteljima mogle bi se organizirati izvrsne <span style=\"color: #e6a9ec\">me\u0111ugeneracijske aktivnosti<\/span>, roditelji i lokalna zajednica mogli bi svojim znanjima i vje\u0161tinama pridonijeti kvaliteti obrazovanja jer svi zajedno znamo i mo\u017eemo vi\u0161e nego jedan u\u010ditelj. Pritom bismo i djeci dali povratne informacije koliko se cijeni doprinos roditelja, baka i djedova, koliko je va\u017ena zajednica u kojoj \u017eivimo.<\/p>\n<p><strong><b>Sloboda u\u010diteljima<\/b><\/strong><\/p>\n<p>Ukoliko s dana\u0161njim planom i programom \u017eelite odvojiti vi\u0161e vremena za, primjerice, financijsku pismenost morate prona\u0107i kreativan na\u010din &#8220;kra\u0111e&#8221; sati od drugih tema jer nitko nije mislio da \u0107e ta tema biti aktualna i da \u0107e na\u0161im u\u010denicima nu\u017eno trebati. Dobri u\u010ditelji uvijek na\u0111u neke <span style=\"color: #e6a9ec\">mogu\u0107nosti za ubacivanje novih sadr\u017eaja i metoda rada<\/span> bez obzira na ono \u0161to pi\u0161e u ud\u017ebenicima i planovima, ali bilo bi lijepo znati da imamo slobodu da to napravimo &#8211; da odaberemo dio sadr\u017eaja koji odgovara na\u0161im u\u010denicima, iza\u0111emo izvan ud\u017ebeni\u010dkih okvira i radimo druga\u010dije nego \u0161to su nas pou\u010davali. Vjerujem da Cjelovita kurikularna reforma donosi klju\u010dne promjene u sadr\u017eajima i na\u010dinima pou\u010davanja u na\u0161im \u0161kolama te da \u0107e toliko \u017eeljena sloboda uskoro biti na dohvatu svim u\u010diteljima.<\/p>\n<p><strong><b>Nagraditi najbolje <\/b><\/strong><\/p>\n<p>Prosje\u010dnost nije na cijeni, ako \u017eelite izvrsne u\u010denike trebate izvrsne u\u010ditelje, a njih \u0107ete dobiti ako <span style=\"color: #e6a9ec\">kontinuirano poti\u010dete i nagra\u0111ujete najbolje<\/span>. Prema trenuta\u010dnom stanju, sustav obrazovanja nema na\u010dina nagra\u0111ivanja najboljih u\u010ditelja. Najvi\u0161u stepenicu &#8220;u\u010ditelj savjetnik&#8221; mo\u017ee se dose\u0107i za 11 godina i onda sljede\u0107ih tridesetak nema vi\u0161e napredovanja. Poprili\u010dno demotiviraju\u0107e za one koji uvijek \u017eele nau\u010diti vi\u0161e, raditi bolje, druga\u010dije, slijediti suvremene trendove u obrazovanju. <span style=\"color: #e6a9ec\">\u010cak \u0161tovi\u0161e, ubrzo zavr\u0161ite u kategoriji &#8220;\u010dudaka&#8221; jer ve\u0107ini nije jasno kako vas unutarnja motivacija mo\u017ee dr\u017eati \u010detrdeset godina na istom poslu, u istom statusu, s istom pla\u0107om.<\/span><\/p>\n<p><strong><b>Cjelo\u017eivotno u\u010denje nam je u opisu posla<\/b><\/strong><\/p>\n<p>Stru\u010dno usavr\u0161avanje u\u010ditelja postalo je luksuz, dostupan samo onima s dobrim vezama ili s financiranjem izvana. U\u010ditelj vi\u0161e ne mo\u017ee niti jednom godi\u0161nje sudjelovati na seminaru na dr\u017eavnoj razini jer nema novaca za putne tro\u0161kove. Naravno, i u tome su u\u010ditelji postali kreativni pa moljakaju za financiranje razne tvrtke, pose\u017eu za online usavr\u0161avanjem (sre\u0107a na\u0161a da su izmislili Internet), a i postaju sve vje\u0161tiji u pisanju projektne dokumentacije kako bi dobili EU financiranje i bili na istoj razini kao kolege u Europi. <span style=\"color: #e6a9ec\">U\u010ditelji vole u\u010diti, samo nam dajte kvalitetan sustav usavr\u0161avanja i bit \u0107emo jo\u0161 bolji.<\/span><\/p>\n<p><strong>Umre\u017eavanje podi\u017ee kvalitetu<\/strong><\/p>\n<p>Uz sve dobrobiti koje nam je Internet donio, na\u017ealost donio je i saznanje kolika je razlika izme\u0111u polo\u017eaja u\u010ditelja, kurikuluma i stanja u \u0161kolama u Hrvatskoj i ostalim zemljama Europske unije. Neke od tih razlika mogu se premostiti uklju\u010divanjem Hrvatske u EU obrazovne mre\u017ee, razmjenom informacija i povezivanjem s razli\u010ditim institucijama koje vode brigu o obrazovanju. Za\u0161to ne bismo i obrazovanjem postali dio EU i u\u010dili od najboljih?<\/p>\n<p><span style=\"color: #e6a9ec\">Ili \u0107emo ipak biti otok, sam za sebe?<\/span><\/p>\n","protected":false},"excerpt":{"rendered":"<p>Obrazovanje je jedan od temelja dru\u0161tva, poma\u017ee da dru\u0161tvo postane bolje, poma\u017ee nam da odrastanjem postanemo bolji, pametniji, spretniji, otvoreniji, dru\u0161tveniji i odgovorniji ljudi. Obrazovanje nije otok sam za sebe, svatko od nas je dio sustava obrazovanja, svatko od nas &hellip; <a href=\"http:\/\/lidija-kralj.from.hr\/?p=481\">Nastavi \u010ditati <span class=\"meta-nav\">&rarr;<\/span><\/a><\/p>\n","protected":false},"author":263,"featured_media":0,"comment_status":"closed","ping_status":"closed","sticky":false,"template":"","format":"standard","meta":{"ngg_post_thumbnail":0},"categories":[1],"tags":[],"yoast_head":"<!-- This site is optimized with the Yoast SEO plugin v17.5 - https:\/\/yoast.com\/wordpress\/plugins\/seo\/ -->\n<meta name=\"robots\" content=\"index, follow, max-snippet:-1, max-image-preview:large, max-video-preview:-1\" \/>\n<link rel=\"canonical\" href=\"https:\/\/lidija-kralj.from.hr\/?p=481\" \/>\n<meta property=\"og:locale\" content=\"hr_HR\" \/>\n<meta property=\"og:type\" content=\"article\" \/>\n<meta property=\"og:title\" content=\"Obrazovanje nije otok sam za sebe - Digitalni tragovi \/ Digital traces\" \/>\n<meta property=\"og:description\" content=\"Obrazovanje je jedan od temelja dru\u0161tva, poma\u017ee da dru\u0161tvo postane bolje, poma\u017ee nam da odrastanjem postanemo bolji, pametniji, spretniji, otvoreniji, dru\u0161tveniji i odgovorniji ljudi. Obrazovanje nije otok sam za sebe, svatko od nas je dio sustava obrazovanja, svatko od nas &hellip; Nastavi \u010ditati &rarr;\" \/>\n<meta property=\"og:url\" content=\"https:\/\/lidija-kralj.from.hr\/?p=481\" \/>\n<meta property=\"og:site_name\" content=\"Digitalni tragovi \/ Digital traces\" \/>\n<meta property=\"article:published_time\" content=\"2015-11-02T07:40:42+00:00\" \/>\n<meta property=\"article:modified_time\" content=\"2015-11-02T07:45:25+00:00\" \/>\n<meta name=\"twitter:card\" content=\"summary\" \/>\n<meta name=\"twitter:label1\" content=\"Napisao\/la\" \/>\n\t<meta name=\"twitter:data1\" content=\"lidija-kralj\" \/>\n\t<meta name=\"twitter:label2\" content=\"Procijenjeno vrijeme \u010ditanja\" \/>\n\t<meta name=\"twitter:data2\" content=\"4 minute\" \/>\n<script type=\"application\/ld+json\" class=\"yoast-schema-graph\">{\"@context\":\"https:\/\/schema.org\",\"@graph\":[{\"@type\":\"WebSite\",\"@id\":\"http:\/\/lidija-kralj.from.hr\/#website\",\"url\":\"http:\/\/lidija-kralj.from.hr\/\",\"name\":\"Digitalni tragovi \/ Digital traces\",\"description\":\"Kakve tragove ostavljate u virtualnom svijetu? \/ What traces do you leave in the virtual world?\",\"potentialAction\":[{\"@type\":\"SearchAction\",\"target\":{\"@type\":\"EntryPoint\",\"urlTemplate\":\"http:\/\/lidija-kralj.from.hr\/?s={search_term_string}\"},\"query-input\":\"required name=search_term_string\"}],\"inLanguage\":\"hr\"},{\"@type\":\"WebPage\",\"@id\":\"https:\/\/lidija-kralj.from.hr\/?p=481#webpage\",\"url\":\"https:\/\/lidija-kralj.from.hr\/?p=481\",\"name\":\"Obrazovanje nije otok sam za sebe - Digitalni tragovi \/ Digital traces\",\"isPartOf\":{\"@id\":\"http:\/\/lidija-kralj.from.hr\/#website\"},\"datePublished\":\"2015-11-02T07:40:42+00:00\",\"dateModified\":\"2015-11-02T07:45:25+00:00\",\"author\":{\"@id\":\"http:\/\/lidija-kralj.from.hr\/#\/schema\/person\/2673cfd11f5aa7ccfa5aeaa6c36b55ba\"},\"breadcrumb\":{\"@id\":\"https:\/\/lidija-kralj.from.hr\/?p=481#breadcrumb\"},\"inLanguage\":\"hr\",\"potentialAction\":[{\"@type\":\"ReadAction\",\"target\":[\"https:\/\/lidija-kralj.from.hr\/?p=481\"]}]},{\"@type\":\"BreadcrumbList\",\"@id\":\"https:\/\/lidija-kralj.from.hr\/?p=481#breadcrumb\",\"itemListElement\":[{\"@type\":\"ListItem\",\"position\":1,\"name\":\"Home\",\"item\":\"http:\/\/lidija-kralj.from.hr\/\"},{\"@type\":\"ListItem\",\"position\":2,\"name\":\"Obrazovanje nije otok sam za sebe\"}]},{\"@type\":\"Person\",\"@id\":\"http:\/\/lidija-kralj.from.hr\/#\/schema\/person\/2673cfd11f5aa7ccfa5aeaa6c36b55ba\",\"name\":\"lidija-kralj\",\"image\":{\"@type\":\"ImageObject\",\"@id\":\"http:\/\/lidija-kralj.from.hr\/#personlogo\",\"inLanguage\":\"hr\",\"url\":\"http:\/\/1.gravatar.com\/avatar\/db5f0e5638e2ffbfd250829a45e7c369?s=96&d=mm&r=g\",\"contentUrl\":\"http:\/\/1.gravatar.com\/avatar\/db5f0e5638e2ffbfd250829a45e7c369?s=96&d=mm&r=g\",\"caption\":\"lidija-kralj\"},\"url\":\"http:\/\/lidija-kralj.from.hr\/?author=263\"}]}<\/script>\n<!-- \/ Yoast SEO plugin. -->","yoast_head_json":{"robots":{"index":"index","follow":"follow","max-snippet":"max-snippet:-1","max-image-preview":"max-image-preview:large","max-video-preview":"max-video-preview:-1"},"canonical":"https:\/\/lidija-kralj.from.hr\/?p=481","og_locale":"hr_HR","og_type":"article","og_title":"Obrazovanje nije otok sam za sebe - Digitalni tragovi \/ Digital traces","og_description":"Obrazovanje je jedan od temelja dru\u0161tva, poma\u017ee da dru\u0161tvo postane bolje, poma\u017ee nam da odrastanjem postanemo bolji, pametniji, spretniji, otvoreniji, dru\u0161tveniji i odgovorniji ljudi. Obrazovanje nije otok sam za sebe, svatko od nas je dio sustava obrazovanja, svatko od nas &hellip; Nastavi \u010ditati &rarr;","og_url":"https:\/\/lidija-kralj.from.hr\/?p=481","og_site_name":"Digitalni tragovi \/ Digital traces","article_published_time":"2015-11-02T07:40:42+00:00","article_modified_time":"2015-11-02T07:45:25+00:00","twitter_card":"summary","twitter_misc":{"Napisao\/la":"lidija-kralj","Procijenjeno vrijeme \u010ditanja":"4 minute"},"schema":{"@context":"https:\/\/schema.org","@graph":[{"@type":"WebSite","@id":"http:\/\/lidija-kralj.from.hr\/#website","url":"http:\/\/lidija-kralj.from.hr\/","name":"Digitalni tragovi \/ Digital traces","description":"Kakve tragove ostavljate u virtualnom svijetu? \/ What traces do you leave in the virtual world?","potentialAction":[{"@type":"SearchAction","target":{"@type":"EntryPoint","urlTemplate":"http:\/\/lidija-kralj.from.hr\/?s={search_term_string}"},"query-input":"required name=search_term_string"}],"inLanguage":"hr"},{"@type":"WebPage","@id":"https:\/\/lidija-kralj.from.hr\/?p=481#webpage","url":"https:\/\/lidija-kralj.from.hr\/?p=481","name":"Obrazovanje nije otok sam za sebe - Digitalni tragovi \/ Digital traces","isPartOf":{"@id":"http:\/\/lidija-kralj.from.hr\/#website"},"datePublished":"2015-11-02T07:40:42+00:00","dateModified":"2015-11-02T07:45:25+00:00","author":{"@id":"http:\/\/lidija-kralj.from.hr\/#\/schema\/person\/2673cfd11f5aa7ccfa5aeaa6c36b55ba"},"breadcrumb":{"@id":"https:\/\/lidija-kralj.from.hr\/?p=481#breadcrumb"},"inLanguage":"hr","potentialAction":[{"@type":"ReadAction","target":["https:\/\/lidija-kralj.from.hr\/?p=481"]}]},{"@type":"BreadcrumbList","@id":"https:\/\/lidija-kralj.from.hr\/?p=481#breadcrumb","itemListElement":[{"@type":"ListItem","position":1,"name":"Home","item":"http:\/\/lidija-kralj.from.hr\/"},{"@type":"ListItem","position":2,"name":"Obrazovanje nije otok sam za sebe"}]},{"@type":"Person","@id":"http:\/\/lidija-kralj.from.hr\/#\/schema\/person\/2673cfd11f5aa7ccfa5aeaa6c36b55ba","name":"lidija-kralj","image":{"@type":"ImageObject","@id":"http:\/\/lidija-kralj.from.hr\/#personlogo","inLanguage":"hr","url":"http:\/\/1.gravatar.com\/avatar\/db5f0e5638e2ffbfd250829a45e7c369?s=96&d=mm&r=g","contentUrl":"http:\/\/1.gravatar.com\/avatar\/db5f0e5638e2ffbfd250829a45e7c369?s=96&d=mm&r=g","caption":"lidija-kralj"},"url":"http:\/\/lidija-kralj.from.hr\/?author=263"}]}},"_links":{"self":[{"href":"http:\/\/lidija-kralj.from.hr\/index.php?rest_route=\/wp\/v2\/posts\/481"}],"collection":[{"href":"http:\/\/lidija-kralj.from.hr\/index.php?rest_route=\/wp\/v2\/posts"}],"about":[{"href":"http:\/\/lidija-kralj.from.hr\/index.php?rest_route=\/wp\/v2\/types\/post"}],"author":[{"embeddable":true,"href":"http:\/\/lidija-kralj.from.hr\/index.php?rest_route=\/wp\/v2\/users\/263"}],"replies":[{"embeddable":true,"href":"http:\/\/lidija-kralj.from.hr\/index.php?rest_route=%2Fwp%2Fv2%2Fcomments&post=481"}],"version-history":[{"count":4,"href":"http:\/\/lidija-kralj.from.hr\/index.php?rest_route=\/wp\/v2\/posts\/481\/revisions"}],"predecessor-version":[{"id":485,"href":"http:\/\/lidija-kralj.from.hr\/index.php?rest_route=\/wp\/v2\/posts\/481\/revisions\/485"}],"wp:attachment":[{"href":"http:\/\/lidija-kralj.from.hr\/index.php?rest_route=%2Fwp%2Fv2%2Fmedia&parent=481"}],"wp:term":[{"taxonomy":"category","embeddable":true,"href":"http:\/\/lidija-kralj.from.hr\/index.php?rest_route=%2Fwp%2Fv2%2Fcategories&post=481"},{"taxonomy":"post_tag","embeddable":true,"href":"http:\/\/lidija-kralj.from.hr\/index.php?rest_route=%2Fwp%2Fv2%2Ftags&post=481"}],"curies":[{"name":"wp","href":"https:\/\/api.w.org\/{rel}","templated":true}]}}