{"id":432,"date":"2015-05-31T12:04:23","date_gmt":"2015-05-31T11:04:23","guid":{"rendered":"http:\/\/lidija-kralj.from.hr\/?p=432"},"modified":"2016-11-13T18:15:30","modified_gmt":"2016-11-13T17:15:30","slug":"kakve-digitalne-kompetencije-nam-trebaju","status":"publish","type":"post","link":"http:\/\/lidija-kralj.from.hr\/?p=432","title":{"rendered":"Kakve digitalne kompetencije nam trebaju?"},"content":{"rendered":"<p><a href=\"http:\/\/lidija-kralj.from.hr\/files\/2015\/05\/shutterstock_2410508-640x428.jpg\"><img loading=\"lazy\" class=\"alignleft size-medium wp-image-436\" src=\"http:\/\/lidija-kralj.from.hr\/files\/2015\/05\/shutterstock_2410508-640x428-300x200.jpg\" alt=\"shutterstock_2410508 (640x428)\" width=\"300\" height=\"200\" \/><\/a><i>\u0160to mislite da bi u\u010denici i u\u010ditelji trebali znati raditi na ra\u010dunalu?<\/i><\/p>\n<p>Tema za razmi\u0161ljanje za sve vas koji \u010ditate: za \u0161to sve vam je potrebno ra\u010dunalo, za \u0161to biste jo\u0161 koristili ra\u010dunalo ali ba\u0161 i ne znate kako, \u0161to biste htjeli da va\u0161a djeca i u\u010denici znaju napraviti ra\u010dunalom, \u0161to mislite tko bi vas i u\u010denike trebao tome pou\u010diti?<\/p>\n<p>Europska unija i Europska komisija ve\u0107 se dulje vrijeme bave temom digitalne pismenosti i digitalnih kompetencija, od 2006. kad su me\u0111u osam klju\u010dnih kompetencija uklju\u010dili i digitalne kompetencije, 2013. kad je objavljen okvir za razvoj i razumijevanje digitalne kompetencije (<a href=\"http:\/\/ftp.jrc.es\/EURdoc\/JRC83167.pdf\" target=\"_blank\">DIGCOMP: A Framework for Developing and Understanding Digital Competence in Europe<\/a>) pa primjerice do istra\u017eivanja EUN-a iz 2014. o uklju\u010denosti programiranja u kurikulume (<a href=\"http:\/\/www.eun.org\/publications\/detail?publicationID=481\" target=\"_blank\">EUN, Computing our Future<\/a>).<\/p>\n<p>U okviru za razvoj i razumijevanje digitalne kompetencije, DIGCOMP istaknuto je pet podru\u010dja koja digitalna kompetencija obuhva\u0107a. Opisana su ta podru\u010dja, detaljno navedena znanja, vje\u0161tine i stavove, ishodi u\u010denja te konkretni primjeri primjene u svakodnevnom \u017eivotu. Dostupna je i tablica za samoprocjenu koja sadr\u017ei pitanja za razine A, B i C za svako od pet podru\u010dja, sli\u010dno kao razine poznavanja stranog jezika. <span style=\"color: #e6a9ec\">Svakako pogledajte tablicu i procijenite svoju razinu digitalne pismenosti.<\/span><\/p>\n<p>Ovako su ukratko opisana podru\u010dja digitalne kompetencije u DIGCOMP dokumentu.<\/p>\n<p><b><span style=\"color: #e6a9ec\">Informacije:<\/span><\/b> prepoznati, prona\u0107i, spremiti, organizirati i analizirati digitalne informacije kriti\u010dko prosu\u0111uju\u0107i njihovu relevantnost i svrhu.<\/p>\n<p><b><span style=\"color: #e6a9ec\">Komunikacije:<\/span><\/b> u\u010dinkovito komunicirati u digitalnom okru\u017eenju, dijeliti sadr\u017eaje pomo\u0107u online alata, povezati se s drugima i sura\u0111ivati kori\u0161tenjem digitalnih alata, aktivno sudjelovati u online zajednicama i mre\u017eama, odabrati na\u010dine komunikacije primjerene sudionicima, uva\u017eavati kulturalne razlike. Biti odgovoran digitalni gra\u0111anin, brinuti o svojim i tu\u0111im digitalnim tragovima.<\/p>\n<p><b><span style=\"color: #e6a9ec\">Stvaranje sadr\u017eaja:<\/span><\/b> stvarati i ure\u0111ivati nove sadr\u017eaje, uklju\u010divati i mijenjati prethodna znanja i sadr\u017eaje, kreativno se izra\u017eavati kroz digitalne medije, stvarati multimedijske sadr\u017eaje, obra\u0107ati pa\u017enju na intelektualno vlasni\u0161tvo, prava i dopu\u0161tenja. Znati kako podesiti programe, aplikacije i ure\u0111aje za svoje potrebe, razumjeti osnove programiranja.<\/p>\n<p><b><span style=\"color: #e6a9ec\">Sigurnost:<\/span><\/b> za\u0161tititi svoje ure\u0111aje i sadr\u017eaje, razumjeti sigurnosne rizike i mogu\u0107nosti za\u0161tite, brinuti o svojim i tu\u0111im osobnim podacima i za\u0161titi privatnosti, \u0161tititi se od elektroni\u010dkog nasilja i online prijevara. Biti svjestan utjecaja tehnologije na zdravlje ljudi i okolinu.<\/p>\n<p><b><span style=\"color: #e6a9ec\">Rje\u0161avanje problema:<\/span><\/b> prepoznati digitalne potrebe i sadr\u017eaje, informirano odlu\u010divati o najprimjerenijim digitalnim alatima za odre\u0111enu svrhu, rje\u0161avati konceptualne probleme kori\u0161tenjem digitalnih modela, kreativno se koristiti tehnologijom, rje\u0161avati tehni\u010dke probleme, podizati vlastite i tu\u0111e kompetencije. Inovativno i kreativno koristiti tehnologiju.<\/p>\n<p>Opisana podru\u010dja, znanja, vje\u0161tine i stavovi ne mogu se jednostavno preslikati u kurikulum jednog nastavnog predmeta.<span style=\"color: #e6a9ec\"> Kako bismo osposobili i pripremili djecu za kori\u0161tenje tehnologije u sada\u0161njosti i budu\u0107nosti svi, ba\u0161 svi u\u010ditelji i nastavnici moramo raditi na njihovom digitalnom opismenjavanju.<\/span> Optimisti\u010dno se nadam da \u0107e dio posla preuzeti novi kurikulum za nastavu Informatike od 1. razreda O\u0160 pa sve do 4. razreda S\u0160, ali i da \u0107e i kona\u010dno u svim nastavnim predmetima za\u017eivjeti me\u0111upredmetna tema &#8220;Uporaba informacijske i komunikacijske tehnologije&#8221;, kako bi svaki u\u010denik dobio priliku pokazati svoju kreativnost i znanje kroz stvaranje digitalnih sadr\u017eaja te postao uzoran stanovnik virtualnog svijeta.<\/p>\n<p>Cijeli dokument DIGCOMP dostupan je na \u00a0<a href=\"http:\/\/ftp.jrc.es\/EURdoc\/JRC83167.pdf\" target=\"_blank\"><span style=\"text-decoration: underline\">bit.ly\/digcomp1<\/span> <\/a>, a kako je ekipa projekta Pet za net napravila \u0161kolski kurikulum za sigurnost djece na internetu, prema tom okviru pogledajte na <span style=\"text-decoration: underline\"><a href=\"http:\/\/petzanet.hr\" target=\"_blank\">petzanet.HR<\/a>. <\/span>Ukoliko \u017eelite odgovoriti i komentirati pitanja s po\u010detka \u010dlanka pridru\u017eite mi se u raspravama na Twitteru, Facebooku ili Yammeru.<\/p>\n","protected":false},"excerpt":{"rendered":"<p>\u0160to mislite da bi u\u010denici i u\u010ditelji trebali znati raditi na ra\u010dunalu? Tema za razmi\u0161ljanje za sve vas koji \u010ditate: za \u0161to sve vam je potrebno ra\u010dunalo, za \u0161to biste jo\u0161 koristili ra\u010dunalo ali ba\u0161 i ne znate kako, \u0161to &hellip; <a href=\"http:\/\/lidija-kralj.from.hr\/?p=432\">Nastavi \u010ditati <span class=\"meta-nav\">&rarr;<\/span><\/a><\/p>\n","protected":false},"author":263,"featured_media":0,"comment_status":"closed","ping_status":"closed","sticky":false,"template":"","format":"standard","meta":{"ngg_post_thumbnail":0},"categories":[33,4],"tags":[26],"yoast_head":"<!-- This site is optimized with the Yoast SEO plugin v17.5 - https:\/\/yoast.com\/wordpress\/plugins\/seo\/ -->\n<meta name=\"robots\" content=\"index, follow, max-snippet:-1, max-image-preview:large, max-video-preview:-1\" \/>\n<link rel=\"canonical\" href=\"http:\/\/lidija-kralj.from.hr\/?p=432\" \/>\n<meta property=\"og:locale\" content=\"hr_HR\" \/>\n<meta property=\"og:type\" content=\"article\" \/>\n<meta property=\"og:title\" content=\"Kakve digitalne kompetencije nam trebaju? - Digitalni tragovi \/ Digital traces\" \/>\n<meta property=\"og:description\" content=\"\u0160to mislite da bi u\u010denici i u\u010ditelji trebali znati raditi na ra\u010dunalu? Tema za razmi\u0161ljanje za sve vas koji \u010ditate: za \u0161to sve vam je potrebno ra\u010dunalo, za \u0161to biste jo\u0161 koristili ra\u010dunalo ali ba\u0161 i ne znate kako, \u0161to &hellip; Nastavi \u010ditati &rarr;\" \/>\n<meta property=\"og:url\" content=\"http:\/\/lidija-kralj.from.hr\/?p=432\" \/>\n<meta property=\"og:site_name\" content=\"Digitalni tragovi \/ Digital traces\" \/>\n<meta property=\"article:published_time\" content=\"2015-05-31T11:04:23+00:00\" \/>\n<meta property=\"article:modified_time\" content=\"2016-11-13T17:15:30+00:00\" \/>\n<meta property=\"og:image\" content=\"http:\/\/lidija-kralj.from.hr\/files\/2015\/05\/shutterstock_2410508-640x428-300x200.jpg\" \/>\n<meta name=\"twitter:card\" content=\"summary\" \/>\n<meta name=\"twitter:label1\" content=\"Napisao\/la\" \/>\n\t<meta name=\"twitter:data1\" content=\"lidija-kralj\" \/>\n\t<meta name=\"twitter:label2\" content=\"Procijenjeno vrijeme \u010ditanja\" \/>\n\t<meta name=\"twitter:data2\" content=\"3 minute\" \/>\n<script type=\"application\/ld+json\" class=\"yoast-schema-graph\">{\"@context\":\"https:\/\/schema.org\",\"@graph\":[{\"@type\":\"WebSite\",\"@id\":\"http:\/\/lidija-kralj.from.hr\/#website\",\"url\":\"http:\/\/lidija-kralj.from.hr\/\",\"name\":\"Digitalni tragovi \/ Digital traces\",\"description\":\"Kakve tragove ostavljate u virtualnom svijetu? \/ What traces do you leave in the virtual world?\",\"potentialAction\":[{\"@type\":\"SearchAction\",\"target\":{\"@type\":\"EntryPoint\",\"urlTemplate\":\"http:\/\/lidija-kralj.from.hr\/?s={search_term_string}\"},\"query-input\":\"required name=search_term_string\"}],\"inLanguage\":\"hr\"},{\"@type\":\"ImageObject\",\"@id\":\"http:\/\/lidija-kralj.from.hr\/?p=432#primaryimage\",\"inLanguage\":\"hr\",\"url\":\"http:\/\/lidija-kralj.from.hr\/files\/2015\/05\/shutterstock_2410508-640x428-300x200.jpg\",\"contentUrl\":\"http:\/\/lidija-kralj.from.hr\/files\/2015\/05\/shutterstock_2410508-640x428-300x200.jpg\"},{\"@type\":\"WebPage\",\"@id\":\"http:\/\/lidija-kralj.from.hr\/?p=432#webpage\",\"url\":\"http:\/\/lidija-kralj.from.hr\/?p=432\",\"name\":\"Kakve digitalne kompetencije nam trebaju? - Digitalni tragovi \/ Digital traces\",\"isPartOf\":{\"@id\":\"http:\/\/lidija-kralj.from.hr\/#website\"},\"primaryImageOfPage\":{\"@id\":\"http:\/\/lidija-kralj.from.hr\/?p=432#primaryimage\"},\"datePublished\":\"2015-05-31T11:04:23+00:00\",\"dateModified\":\"2016-11-13T17:15:30+00:00\",\"author\":{\"@id\":\"http:\/\/lidija-kralj.from.hr\/#\/schema\/person\/2673cfd11f5aa7ccfa5aeaa6c36b55ba\"},\"breadcrumb\":{\"@id\":\"http:\/\/lidija-kralj.from.hr\/?p=432#breadcrumb\"},\"inLanguage\":\"hr\",\"potentialAction\":[{\"@type\":\"ReadAction\",\"target\":[\"http:\/\/lidija-kralj.from.hr\/?p=432\"]}]},{\"@type\":\"BreadcrumbList\",\"@id\":\"http:\/\/lidija-kralj.from.hr\/?p=432#breadcrumb\",\"itemListElement\":[{\"@type\":\"ListItem\",\"position\":1,\"name\":\"Home\",\"item\":\"http:\/\/lidija-kralj.from.hr\/\"},{\"@type\":\"ListItem\",\"position\":2,\"name\":\"Kakve digitalne kompetencije nam trebaju?\"}]},{\"@type\":\"Person\",\"@id\":\"http:\/\/lidija-kralj.from.hr\/#\/schema\/person\/2673cfd11f5aa7ccfa5aeaa6c36b55ba\",\"name\":\"lidija-kralj\",\"image\":{\"@type\":\"ImageObject\",\"@id\":\"http:\/\/lidija-kralj.from.hr\/#personlogo\",\"inLanguage\":\"hr\",\"url\":\"http:\/\/1.gravatar.com\/avatar\/db5f0e5638e2ffbfd250829a45e7c369?s=96&d=mm&r=g\",\"contentUrl\":\"http:\/\/1.gravatar.com\/avatar\/db5f0e5638e2ffbfd250829a45e7c369?s=96&d=mm&r=g\",\"caption\":\"lidija-kralj\"},\"url\":\"http:\/\/lidija-kralj.from.hr\/?author=263\"}]}<\/script>\n<!-- \/ Yoast SEO plugin. -->","yoast_head_json":{"robots":{"index":"index","follow":"follow","max-snippet":"max-snippet:-1","max-image-preview":"max-image-preview:large","max-video-preview":"max-video-preview:-1"},"canonical":"http:\/\/lidija-kralj.from.hr\/?p=432","og_locale":"hr_HR","og_type":"article","og_title":"Kakve digitalne kompetencije nam trebaju? - Digitalni tragovi \/ Digital traces","og_description":"\u0160to mislite da bi u\u010denici i u\u010ditelji trebali znati raditi na ra\u010dunalu? Tema za razmi\u0161ljanje za sve vas koji \u010ditate: za \u0161to sve vam je potrebno ra\u010dunalo, za \u0161to biste jo\u0161 koristili ra\u010dunalo ali ba\u0161 i ne znate kako, \u0161to &hellip; Nastavi \u010ditati &rarr;","og_url":"http:\/\/lidija-kralj.from.hr\/?p=432","og_site_name":"Digitalni tragovi \/ Digital traces","article_published_time":"2015-05-31T11:04:23+00:00","article_modified_time":"2016-11-13T17:15:30+00:00","og_image":[{"url":"http:\/\/lidija-kralj.from.hr\/files\/2015\/05\/shutterstock_2410508-640x428-300x200.jpg"}],"twitter_card":"summary","twitter_misc":{"Napisao\/la":"lidija-kralj","Procijenjeno vrijeme \u010ditanja":"3 minute"},"schema":{"@context":"https:\/\/schema.org","@graph":[{"@type":"WebSite","@id":"http:\/\/lidija-kralj.from.hr\/#website","url":"http:\/\/lidija-kralj.from.hr\/","name":"Digitalni tragovi \/ Digital traces","description":"Kakve tragove ostavljate u virtualnom svijetu? \/ What traces do you leave in the virtual world?","potentialAction":[{"@type":"SearchAction","target":{"@type":"EntryPoint","urlTemplate":"http:\/\/lidija-kralj.from.hr\/?s={search_term_string}"},"query-input":"required name=search_term_string"}],"inLanguage":"hr"},{"@type":"ImageObject","@id":"http:\/\/lidija-kralj.from.hr\/?p=432#primaryimage","inLanguage":"hr","url":"http:\/\/lidija-kralj.from.hr\/files\/2015\/05\/shutterstock_2410508-640x428-300x200.jpg","contentUrl":"http:\/\/lidija-kralj.from.hr\/files\/2015\/05\/shutterstock_2410508-640x428-300x200.jpg"},{"@type":"WebPage","@id":"http:\/\/lidija-kralj.from.hr\/?p=432#webpage","url":"http:\/\/lidija-kralj.from.hr\/?p=432","name":"Kakve digitalne kompetencije nam trebaju? - Digitalni tragovi \/ Digital traces","isPartOf":{"@id":"http:\/\/lidija-kralj.from.hr\/#website"},"primaryImageOfPage":{"@id":"http:\/\/lidija-kralj.from.hr\/?p=432#primaryimage"},"datePublished":"2015-05-31T11:04:23+00:00","dateModified":"2016-11-13T17:15:30+00:00","author":{"@id":"http:\/\/lidija-kralj.from.hr\/#\/schema\/person\/2673cfd11f5aa7ccfa5aeaa6c36b55ba"},"breadcrumb":{"@id":"http:\/\/lidija-kralj.from.hr\/?p=432#breadcrumb"},"inLanguage":"hr","potentialAction":[{"@type":"ReadAction","target":["http:\/\/lidija-kralj.from.hr\/?p=432"]}]},{"@type":"BreadcrumbList","@id":"http:\/\/lidija-kralj.from.hr\/?p=432#breadcrumb","itemListElement":[{"@type":"ListItem","position":1,"name":"Home","item":"http:\/\/lidija-kralj.from.hr\/"},{"@type":"ListItem","position":2,"name":"Kakve digitalne kompetencije nam trebaju?"}]},{"@type":"Person","@id":"http:\/\/lidija-kralj.from.hr\/#\/schema\/person\/2673cfd11f5aa7ccfa5aeaa6c36b55ba","name":"lidija-kralj","image":{"@type":"ImageObject","@id":"http:\/\/lidija-kralj.from.hr\/#personlogo","inLanguage":"hr","url":"http:\/\/1.gravatar.com\/avatar\/db5f0e5638e2ffbfd250829a45e7c369?s=96&d=mm&r=g","contentUrl":"http:\/\/1.gravatar.com\/avatar\/db5f0e5638e2ffbfd250829a45e7c369?s=96&d=mm&r=g","caption":"lidija-kralj"},"url":"http:\/\/lidija-kralj.from.hr\/?author=263"}]}},"_links":{"self":[{"href":"http:\/\/lidija-kralj.from.hr\/index.php?rest_route=\/wp\/v2\/posts\/432"}],"collection":[{"href":"http:\/\/lidija-kralj.from.hr\/index.php?rest_route=\/wp\/v2\/posts"}],"about":[{"href":"http:\/\/lidija-kralj.from.hr\/index.php?rest_route=\/wp\/v2\/types\/post"}],"author":[{"embeddable":true,"href":"http:\/\/lidija-kralj.from.hr\/index.php?rest_route=\/wp\/v2\/users\/263"}],"replies":[{"embeddable":true,"href":"http:\/\/lidija-kralj.from.hr\/index.php?rest_route=%2Fwp%2Fv2%2Fcomments&post=432"}],"version-history":[{"count":5,"href":"http:\/\/lidija-kralj.from.hr\/index.php?rest_route=\/wp\/v2\/posts\/432\/revisions"}],"predecessor-version":[{"id":502,"href":"http:\/\/lidija-kralj.from.hr\/index.php?rest_route=\/wp\/v2\/posts\/432\/revisions\/502"}],"wp:attachment":[{"href":"http:\/\/lidija-kralj.from.hr\/index.php?rest_route=%2Fwp%2Fv2%2Fmedia&parent=432"}],"wp:term":[{"taxonomy":"category","embeddable":true,"href":"http:\/\/lidija-kralj.from.hr\/index.php?rest_route=%2Fwp%2Fv2%2Fcategories&post=432"},{"taxonomy":"post_tag","embeddable":true,"href":"http:\/\/lidija-kralj.from.hr\/index.php?rest_route=%2Fwp%2Fv2%2Ftags&post=432"}],"curies":[{"name":"wp","href":"https:\/\/api.w.org\/{rel}","templated":true}]}}