{"id":329,"date":"2015-02-28T13:34:55","date_gmt":"2015-02-28T12:34:55","guid":{"rendered":"http:\/\/lidija-kralj.from.hr\/?p=329"},"modified":"2016-11-13T18:19:58","modified_gmt":"2016-11-13T17:19:58","slug":"facebook-u-obrazovanju-vasa-odluka","status":"publish","type":"post","link":"http:\/\/lidija-kralj.from.hr\/?p=329","title":{"rendered":"Facebook u obrazovanju &#8211; va\u0161a odluka"},"content":{"rendered":"<p><em><a href=\"https:\/\/lidijakralj.files.wordpress.com\/2015\/02\/facebook_50.jpg\"><img loading=\"lazy\" class=\"alignleft size-medium wp-image-757\" src=\"https:\/\/lidijakralj.files.wordpress.com\/2015\/02\/facebook_50.jpg?w=300\" alt=\"facebook_50\" width=\"300\" height=\"168\" \/><\/a>Odgovornim kori\u0161tenjem i Facebook mo\u017ee biti dio obrazovanja.<\/em><\/p>\n<p>Sinonim za dru\u0161tvene mre\u017ee je Facebook, najve\u0107a i naj\u010de\u0161\u0107e spominjana dru\u0161tvena mre\u017ea. Kako je ra\u0161iren i lako dostupan \u010desto je prvi odabir u\u010ditelja i u\u010denika za online komunikaciju. Naj\u010de\u0161\u0107i argument koji \u010dujemo je &#8220;Pa svi su ve\u0107 na Facebooku, za\u0161to ga ne bismo koristili?&#8221;. Moj odgovor na to je &#8220;I kafi\u0107i su mjesta na kojima mo\u017eemo prona\u0107i dosta u\u010denika pa nam to nije razlog da nastavu premjestimo tamo.&#8221;<\/p>\n<p><span style=\"color: #e6a9ec\">Facebook je komercijalna dru\u0161tvena mre\u017ea \u0161to zna\u010di da zara\u0111uje trgovinom na\u0161im podacima.<\/span> Facebook prikuplja o nama razne podatke, prema njima odabire reklame koje se prikazuju i nudi nam razne proizvode. Prikupljene podatke dijele s tre\u0107im osobama tako da i druge tvrtke imaju koristi od tih podataka. \u0160to sve Facebook prikuplja i na koji na\u010din dijeli podatke pro\u010ditajte u njihovim <a href=\"http:\/\/bit.ly\/privatnost\" target=\"_blank\">Uvjetima kori\u0161tenja<\/a>, koje ste prihvatili pri registraciji. <span style=\"color: #e6a9ec\">Da, to je ono kad stavite kva\u010dicu i kliknete <em>Dalje<\/em> bez da pro\u010ditate na \u0161to ste pristali.<\/span><\/p>\n<p>Planirate li koristiti Facebook s u\u010denicima, nu\u017ean uvjet je da budu stariji od 13 godina; to je ograni\u010denje prema ameri\u010dkom zakonu, a prema Hrvatskom granica maloljetni\u0161tva je 18 godina. Obzirom da su gotovo svi u\u010denici u na\u0161im \u0161kolama mla\u0111i od 18 godina obavezno pribavite pisano dopu\u0161tenje roditelja da s u\u010denicima koristite Facebook. <span style=\"color: #e6a9ec\">U\u010denici sami stvaraju korisni\u010dke ra\u010dune za Facebook i vi nad njihovim aktivnostima na Facebooku nemate nikakvu mogu\u0107nost nadzora. <\/span>Dakle, morate uspostaviti vezu povjerenja prema u\u010denicima i dobro ih pou\u010diti o odgovornom i primjerenom kori\u0161tenju dru\u0161tvenih mre\u017ea, pogotovo o prekomjernom dijeljenju online. Prvi korak u tome je da zajedni\u010dki prou\u010dite <a href=\"http:\/\/bit.ly\/FB-osnove\" target=\"_blank\">osnove privatnosti na Facebooku<\/a>, dogovorite va\u0161a pravila kori\u0161tenja te eventualne kazne za njihovo kr\u0161enje.<\/p>\n<p>Facebook je zasigurno mo\u0107na dru\u0161tvena mre\u017ea koju mo\u017eemo iskoristiti za obrazovanje jer nam omogu\u0107ava jednostavno povezivanje s drugim u\u010diteljima i u\u010denicima, prikupljanje i objavljivanje sadr\u017eaja, diskutiranje, pra\u0107enje aktivnosti drugih ljudi, kampanja ili tvrtki te gra\u0111anski aktivizam. Ukoliko tek po\u010dinjete koristiti Facebook s u\u010denicima predla\u017eemo da krenete polako i oprezno. Najprije sredite svoj profil,<span style=\"color: #e6a9ec\"> budite svjesni da \u0107e u\u010denici mo\u0107i vidjeti va\u0161e objave i fotografije pa za\u0161titite svoju privatnost.<\/span> Neki u\u010ditelji to rje\u0161avaju tako da imaju jedan privatni i jedan poslovni profil na Facebooku, no tako pokazujete u\u010denicima da imate dvostruka mjerila te da njima govorite jedno, a sami se pona\u0161ate na druga\u010diji na\u010din. Nakon toga <span style=\"color: #e6a9ec\">napravite zatvorenu grupu samo za va\u0161e u\u010denike<\/span>, mo\u017eda je dobro da za po\u010detak bude i tajna da nikome ne bude javno dostupna. Tu zatvorenu grupu iskoristite kao virtualno okru\u017eenje za eksperimente s dru\u0161tvenim mre\u017eama, isprobajte u njoj razli\u010dite aktivnosti, pratite pona\u0161anje i aktivnosti u\u010denika te naravno svoje aktivnosti. Prema potrebi napravite dodatne radionice u\u017eivo kako biste se i vi i u\u010denici osje\u0107ali \u0161to bolje i sigurnije u online okru\u017eenju. Ukoliko svi ti eksperimenti pro\u0111u dobro, zajedno s u\u010denicima osmislite neke nove aktivnosti, mo\u017eda izradu stranica, povezivanje s drugim u\u010denicima, javno predstavljanje razrednih aktivnosti ili kao platformu za \u0161kolske, nacionalne i internacionalne projekte.<\/p>\n<p>Kao inspiraciju za na\u010dine kori\u0161tenja Facebooka s u\u010denicima pogledajte ovih <a href=\"http:\/\/bit.ly\/FB-primjeri\" target=\"_blank\">nekoliko ideja<\/a>, primjere kori\u0161tenja Facebooka <a href=\"http:\/\/bit.ly\/FB-primjer2\" target=\"_blank\">u nastavi Povijesti<\/a>, sto prijedloga za <a href=\"http:\/\/bit.ly\/FB-primjeri100\" target=\"_blank\">kori\u0161tenje Facebooka u obrazovanju<\/a>.<\/p>\n<p>Za Facebook kao i za ostale online alate vrijedi <span style=\"color: #e6a9ec\">osnovno pravilo &#8211; vi kao u\u010ditelj morate znati \u0161to radite. Za\u0161to ste odabrali ba\u0161 Facebook, koje mogu\u0107nosti za napredovanje \u0107e pru\u017eiti va\u0161im u\u010denicima, na koji na\u010din \u0107ete za\u0161tititi u\u010denike te kako \u0107ete pred kolegama i roditeljima opravdati njegovo kori\u0161tenje. <\/span> Znate li odgovore na sva ta pitanja, onda ste na sigurnoj strani i Facebook \u0107e biti koristan dodatak va\u0161im metodama pou\u010davanja.<\/p>\n","protected":false},"excerpt":{"rendered":"<p>Odgovornim kori\u0161tenjem i Facebook mo\u017ee biti dio obrazovanja. Sinonim za dru\u0161tvene mre\u017ee je Facebook, najve\u0107a i naj\u010de\u0161\u0107e spominjana dru\u0161tvena mre\u017ea. Kako je ra\u0161iren i lako dostupan \u010desto je prvi odabir u\u010ditelja i u\u010denika za online komunikaciju. Naj\u010de\u0161\u0107i argument koji \u010dujemo &hellip; <a href=\"http:\/\/lidija-kralj.from.hr\/?p=329\">Nastavi \u010ditati <span class=\"meta-nav\">&rarr;<\/span><\/a><\/p>\n","protected":false},"author":263,"featured_media":0,"comment_status":"closed","ping_status":"closed","sticky":false,"template":"","format":"standard","meta":{"ngg_post_thumbnail":0},"categories":[29],"tags":[25,26],"yoast_head":"<!-- This site is optimized with the Yoast SEO plugin v17.5 - https:\/\/yoast.com\/wordpress\/plugins\/seo\/ -->\n<meta name=\"robots\" content=\"index, follow, max-snippet:-1, max-image-preview:large, max-video-preview:-1\" \/>\n<link rel=\"canonical\" href=\"http:\/\/lidija-kralj.from.hr\/?p=329\" \/>\n<meta property=\"og:locale\" content=\"hr_HR\" \/>\n<meta property=\"og:type\" content=\"article\" \/>\n<meta property=\"og:title\" content=\"Facebook u obrazovanju - va\u0161a odluka - Digitalni tragovi \/ Digital traces\" \/>\n<meta property=\"og:description\" content=\"Odgovornim kori\u0161tenjem i Facebook mo\u017ee biti dio obrazovanja. Sinonim za dru\u0161tvene mre\u017ee je Facebook, najve\u0107a i naj\u010de\u0161\u0107e spominjana dru\u0161tvena mre\u017ea. Kako je ra\u0161iren i lako dostupan \u010desto je prvi odabir u\u010ditelja i u\u010denika za online komunikaciju. Naj\u010de\u0161\u0107i argument koji \u010dujemo &hellip; Nastavi \u010ditati &rarr;\" \/>\n<meta property=\"og:url\" content=\"http:\/\/lidija-kralj.from.hr\/?p=329\" \/>\n<meta property=\"og:site_name\" content=\"Digitalni tragovi \/ Digital traces\" \/>\n<meta property=\"article:published_time\" content=\"2015-02-28T12:34:55+00:00\" \/>\n<meta property=\"article:modified_time\" content=\"2016-11-13T17:19:58+00:00\" \/>\n<meta property=\"og:image\" content=\"https:\/\/lidijakralj.files.wordpress.com\/2015\/02\/facebook_50.jpg?w=300\" \/>\n<meta name=\"twitter:card\" content=\"summary\" \/>\n<meta name=\"twitter:label1\" content=\"Napisao\/la\" \/>\n\t<meta name=\"twitter:data1\" content=\"lidija-kralj\" \/>\n\t<meta name=\"twitter:label2\" content=\"Procijenjeno vrijeme \u010ditanja\" \/>\n\t<meta name=\"twitter:data2\" content=\"3 minute\" \/>\n<script type=\"application\/ld+json\" class=\"yoast-schema-graph\">{\"@context\":\"https:\/\/schema.org\",\"@graph\":[{\"@type\":\"WebSite\",\"@id\":\"http:\/\/lidija-kralj.from.hr\/#website\",\"url\":\"http:\/\/lidija-kralj.from.hr\/\",\"name\":\"Digitalni tragovi \/ Digital traces\",\"description\":\"Kakve tragove ostavljate u virtualnom svijetu? \/ What traces do you leave in the virtual world?\",\"potentialAction\":[{\"@type\":\"SearchAction\",\"target\":{\"@type\":\"EntryPoint\",\"urlTemplate\":\"http:\/\/lidija-kralj.from.hr\/?s={search_term_string}\"},\"query-input\":\"required name=search_term_string\"}],\"inLanguage\":\"hr\"},{\"@type\":\"ImageObject\",\"@id\":\"http:\/\/lidija-kralj.from.hr\/?p=329#primaryimage\",\"inLanguage\":\"hr\",\"url\":\"https:\/\/lidijakralj.files.wordpress.com\/2015\/02\/facebook_50.jpg?w=300\",\"contentUrl\":\"https:\/\/lidijakralj.files.wordpress.com\/2015\/02\/facebook_50.jpg?w=300\"},{\"@type\":\"WebPage\",\"@id\":\"http:\/\/lidija-kralj.from.hr\/?p=329#webpage\",\"url\":\"http:\/\/lidija-kralj.from.hr\/?p=329\",\"name\":\"Facebook u obrazovanju - va\\u0161a odluka - Digitalni tragovi \/ Digital traces\",\"isPartOf\":{\"@id\":\"http:\/\/lidija-kralj.from.hr\/#website\"},\"primaryImageOfPage\":{\"@id\":\"http:\/\/lidija-kralj.from.hr\/?p=329#primaryimage\"},\"datePublished\":\"2015-02-28T12:34:55+00:00\",\"dateModified\":\"2016-11-13T17:19:58+00:00\",\"author\":{\"@id\":\"http:\/\/lidija-kralj.from.hr\/#\/schema\/person\/2673cfd11f5aa7ccfa5aeaa6c36b55ba\"},\"breadcrumb\":{\"@id\":\"http:\/\/lidija-kralj.from.hr\/?p=329#breadcrumb\"},\"inLanguage\":\"hr\",\"potentialAction\":[{\"@type\":\"ReadAction\",\"target\":[\"http:\/\/lidija-kralj.from.hr\/?p=329\"]}]},{\"@type\":\"BreadcrumbList\",\"@id\":\"http:\/\/lidija-kralj.from.hr\/?p=329#breadcrumb\",\"itemListElement\":[{\"@type\":\"ListItem\",\"position\":1,\"name\":\"Home\",\"item\":\"http:\/\/lidija-kralj.from.hr\/\"},{\"@type\":\"ListItem\",\"position\":2,\"name\":\"Facebook u obrazovanju &#8211; va\\u0161a odluka\"}]},{\"@type\":\"Person\",\"@id\":\"http:\/\/lidija-kralj.from.hr\/#\/schema\/person\/2673cfd11f5aa7ccfa5aeaa6c36b55ba\",\"name\":\"lidija-kralj\",\"image\":{\"@type\":\"ImageObject\",\"@id\":\"http:\/\/lidija-kralj.from.hr\/#personlogo\",\"inLanguage\":\"hr\",\"url\":\"http:\/\/1.gravatar.com\/avatar\/db5f0e5638e2ffbfd250829a45e7c369?s=96&d=mm&r=g\",\"contentUrl\":\"http:\/\/1.gravatar.com\/avatar\/db5f0e5638e2ffbfd250829a45e7c369?s=96&d=mm&r=g\",\"caption\":\"lidija-kralj\"},\"url\":\"http:\/\/lidija-kralj.from.hr\/?author=263\"}]}<\/script>\n<!-- \/ Yoast SEO plugin. -->","yoast_head_json":{"robots":{"index":"index","follow":"follow","max-snippet":"max-snippet:-1","max-image-preview":"max-image-preview:large","max-video-preview":"max-video-preview:-1"},"canonical":"http:\/\/lidija-kralj.from.hr\/?p=329","og_locale":"hr_HR","og_type":"article","og_title":"Facebook u obrazovanju - va\u0161a odluka - Digitalni tragovi \/ Digital traces","og_description":"Odgovornim kori\u0161tenjem i Facebook mo\u017ee biti dio obrazovanja. Sinonim za dru\u0161tvene mre\u017ee je Facebook, najve\u0107a i naj\u010de\u0161\u0107e spominjana dru\u0161tvena mre\u017ea. Kako je ra\u0161iren i lako dostupan \u010desto je prvi odabir u\u010ditelja i u\u010denika za online komunikaciju. Naj\u010de\u0161\u0107i argument koji \u010dujemo &hellip; Nastavi \u010ditati &rarr;","og_url":"http:\/\/lidija-kralj.from.hr\/?p=329","og_site_name":"Digitalni tragovi \/ Digital traces","article_published_time":"2015-02-28T12:34:55+00:00","article_modified_time":"2016-11-13T17:19:58+00:00","og_image":[{"url":"https:\/\/lidijakralj.files.wordpress.com\/2015\/02\/facebook_50.jpg?w=300"}],"twitter_card":"summary","twitter_misc":{"Napisao\/la":"lidija-kralj","Procijenjeno vrijeme \u010ditanja":"3 minute"},"schema":{"@context":"https:\/\/schema.org","@graph":[{"@type":"WebSite","@id":"http:\/\/lidija-kralj.from.hr\/#website","url":"http:\/\/lidija-kralj.from.hr\/","name":"Digitalni tragovi \/ Digital traces","description":"Kakve tragove ostavljate u virtualnom svijetu? \/ What traces do you leave in the virtual world?","potentialAction":[{"@type":"SearchAction","target":{"@type":"EntryPoint","urlTemplate":"http:\/\/lidija-kralj.from.hr\/?s={search_term_string}"},"query-input":"required name=search_term_string"}],"inLanguage":"hr"},{"@type":"ImageObject","@id":"http:\/\/lidija-kralj.from.hr\/?p=329#primaryimage","inLanguage":"hr","url":"https:\/\/lidijakralj.files.wordpress.com\/2015\/02\/facebook_50.jpg?w=300","contentUrl":"https:\/\/lidijakralj.files.wordpress.com\/2015\/02\/facebook_50.jpg?w=300"},{"@type":"WebPage","@id":"http:\/\/lidija-kralj.from.hr\/?p=329#webpage","url":"http:\/\/lidija-kralj.from.hr\/?p=329","name":"Facebook u obrazovanju - va\u0161a odluka - Digitalni tragovi \/ Digital traces","isPartOf":{"@id":"http:\/\/lidija-kralj.from.hr\/#website"},"primaryImageOfPage":{"@id":"http:\/\/lidija-kralj.from.hr\/?p=329#primaryimage"},"datePublished":"2015-02-28T12:34:55+00:00","dateModified":"2016-11-13T17:19:58+00:00","author":{"@id":"http:\/\/lidija-kralj.from.hr\/#\/schema\/person\/2673cfd11f5aa7ccfa5aeaa6c36b55ba"},"breadcrumb":{"@id":"http:\/\/lidija-kralj.from.hr\/?p=329#breadcrumb"},"inLanguage":"hr","potentialAction":[{"@type":"ReadAction","target":["http:\/\/lidija-kralj.from.hr\/?p=329"]}]},{"@type":"BreadcrumbList","@id":"http:\/\/lidija-kralj.from.hr\/?p=329#breadcrumb","itemListElement":[{"@type":"ListItem","position":1,"name":"Home","item":"http:\/\/lidija-kralj.from.hr\/"},{"@type":"ListItem","position":2,"name":"Facebook u obrazovanju &#8211; va\u0161a odluka"}]},{"@type":"Person","@id":"http:\/\/lidija-kralj.from.hr\/#\/schema\/person\/2673cfd11f5aa7ccfa5aeaa6c36b55ba","name":"lidija-kralj","image":{"@type":"ImageObject","@id":"http:\/\/lidija-kralj.from.hr\/#personlogo","inLanguage":"hr","url":"http:\/\/1.gravatar.com\/avatar\/db5f0e5638e2ffbfd250829a45e7c369?s=96&d=mm&r=g","contentUrl":"http:\/\/1.gravatar.com\/avatar\/db5f0e5638e2ffbfd250829a45e7c369?s=96&d=mm&r=g","caption":"lidija-kralj"},"url":"http:\/\/lidija-kralj.from.hr\/?author=263"}]}},"_links":{"self":[{"href":"http:\/\/lidija-kralj.from.hr\/index.php?rest_route=\/wp\/v2\/posts\/329"}],"collection":[{"href":"http:\/\/lidija-kralj.from.hr\/index.php?rest_route=\/wp\/v2\/posts"}],"about":[{"href":"http:\/\/lidija-kralj.from.hr\/index.php?rest_route=\/wp\/v2\/types\/post"}],"author":[{"embeddable":true,"href":"http:\/\/lidija-kralj.from.hr\/index.php?rest_route=\/wp\/v2\/users\/263"}],"replies":[{"embeddable":true,"href":"http:\/\/lidija-kralj.from.hr\/index.php?rest_route=%2Fwp%2Fv2%2Fcomments&post=329"}],"version-history":[{"count":8,"href":"http:\/\/lidija-kralj.from.hr\/index.php?rest_route=\/wp\/v2\/posts\/329\/revisions"}],"predecessor-version":[{"id":515,"href":"http:\/\/lidija-kralj.from.hr\/index.php?rest_route=\/wp\/v2\/posts\/329\/revisions\/515"}],"wp:attachment":[{"href":"http:\/\/lidija-kralj.from.hr\/index.php?rest_route=%2Fwp%2Fv2%2Fmedia&parent=329"}],"wp:term":[{"taxonomy":"category","embeddable":true,"href":"http:\/\/lidija-kralj.from.hr\/index.php?rest_route=%2Fwp%2Fv2%2Fcategories&post=329"},{"taxonomy":"post_tag","embeddable":true,"href":"http:\/\/lidija-kralj.from.hr\/index.php?rest_route=%2Fwp%2Fv2%2Ftags&post=329"}],"curies":[{"name":"wp","href":"https:\/\/api.w.org\/{rel}","templated":true}]}}