{"id":254,"date":"2014-12-13T08:02:23","date_gmt":"2014-12-13T07:02:23","guid":{"rendered":"http:\/\/lidija-kralj.from.hr\/?p=254"},"modified":"2016-11-13T18:23:28","modified_gmt":"2016-11-13T17:23:28","slug":"aluminijska-folija-i-ostale-carolije-za-zastitu-privatnosti","status":"publish","type":"post","link":"http:\/\/lidija-kralj.from.hr\/?p=254","title":{"rendered":"Aluminijska folija i ostale \u010darolije za za\u0161titu privatnosti"},"content":{"rendered":"<p><em>Jeste li svjesni da je kori\u0161tenjem dru\u0161tvenih mre\u017ea ve\u0107ina va\u0161ih objava i slika javno vidljiva?<\/em><\/p>\n<p><a href=\"http:\/\/lidija-kralj.from.hr\/files\/2014\/12\/tinfoil.jpg\"><img loading=\"lazy\" class=\"alignright size-thumbnail wp-image-261\" src=\"http:\/\/lidija-kralj.from.hr\/files\/2014\/12\/tinfoil-150x150.jpg\" alt=\"tinfoil\" width=\"150\" height=\"150\" \/><\/a>Nekako mi se \u010dini da bih svaki tjedan mogla na\u0107i novu ideju za kolumnu samo prate\u0107i zanimljive postupke korisnika na dru\u0161tvenim mre\u017eama. I to postupke u\u010ditelja, jer se s njima najvi\u0161e i dru\u017eim online. Ukoliko vas naslov ili uvodni tekst zbunjuje, \u010ditajte pa\u017eljivo, a ako ste se nasmijali na spominjanje aluminijske folije i znate odakle mi ideja onda ste mirni.<\/p>\n<p>Dakle, tema su dru\u0161tvene mre\u017ee i va\u0161a privatnost na njima. <span style=\"color: #e6a9ec\">Dru\u0161tvene mre\u017ee (\u010ditaj Facebook) su komercijalni programi koji zara\u0111uju na va\u0161im osobnim podacima koje vi sami nemilice dijelite online. \u010cak \u0161tovi\u0161e ti programi su vam jasno rekli na po\u010detku \u0161to sve misle raditi s va\u0161im podacima i vi ste pristali na takve uvjete kori\u0161tenja.<\/span> Da, to je onaj dio gdje ste stavili kva\u010dice uz <i>Prihva\u0107am uvjete kori\u0161tenja, Pravila kori\u0161tenja podataka i Postavke privatnosti<\/i>. \u0160to i kako Facebook radi s va\u0161im podacima mo\u017eete pro\u010ditati na stranici <a href=\"https:\/\/www.facebook.com\/about\/privacy\" target=\"_blank\"><b><span style=\"text-decoration: underline\">bit.ly\/privatnost. <\/span><\/b><\/a>Primjerice, ako ste neki tekst ili sliku javno objavili na Facebooku oni su vidljivi bilo kome, uklju\u010div\u0161i i osobe koje ne koriste Facebook. Postavke privatnosti su slo\u017eene tako da je svaka stavka javno vidljiva, osim ako vi ne odradite posao ograni\u010davanja vidljivosti, bilo za odre\u0111enu objavu ili za odre\u0111ene kategorije korisnika.<\/p>\n<p>Izme\u0111u ostalog Facebookova <i>Pravila za kori\u0161tenje podataka<\/i> ka\u017eu &#8220;Mogli bismo davateljima usluga omogu\u0107iti pristup podacima kako bi nam pomogli u pru\u017eanju usluga&#8221;. \u0160to mo\u017eete prevesti kao <span style=\"color: #e6a9ec\">&#8220;Mo\u017eemo s va\u0161im podacima napraviti \u0161to \u017eelimo&#8221;. <\/span>Pro\u010ditate li na\u00a0 miru ta pravila vidjet \u0107ete da Facebook prikuplja o vama razne vrste podataka: gdje se nalazite, \u0161to ste pretra\u017eivali, \u0161to komentirali, kakve slike ste objavili i jo\u0161 milijun sitnica na koje mi ne obra\u0107amo pa\u017enju, a oni samo pohranjuju u svoju bazu vrijednih podataka.<\/p>\n<p>Nakon \u0161to ste pro\u010ditali na \u0161to ste sve pristali kori\u0161tenjem odabrane dru\u0161tvene mre\u017ee vrijeme je za u\u010denje kako za\u0161titi svoju privatnost, odnosno biti svjesni kako ste podesili <i>Postavke privatnosti<\/i> i s kime \u0161to dijelite. <span style=\"color: #e6a9ec\">Postavke privatnosti dostupne su vam u izborniku s ikonom lokota u gornjem desnom kutu va\u0161e FB stranice. <\/span>U osnovnom prikazu vidjet \u0107ete postavke za vidljivost va\u0161ih objava, tko vas mo\u017ee kontaktirati i kako blokirati nekoga. No, obavezno morate pogledati u dio <i>See more settings<\/i> gdje ima puno vi\u0161e mogu\u0107nosti o vidljivosti, ozna\u010davanju, dozvolama za objavu na va\u0161em <i>zidu, <\/i>obavijestima koje primate, \u0161to va\u0161i sljedbenici mogu vidjeti, dijelite li oglase i videozapise itd. Pri kraju popisa vidjet \u0107ete naslov <i>Aplikacije<\/i> koji nikako ne smijete zaobi\u0107i. Naime, kori\u0161tenjem raznih aplikacija vi dijelite i podatke o va\u0161im prijateljima, eto zato vas prijatelji gnjave da im prestanete slati pozive za igre. Svaka aplikacija pri prvom pokretanju tra\u017ei va\u0161e dopu\u0161tenje za pristup podacima i vi u pravilu date dopu\u0161tenje jer vam ba\u0161 ta aplikacija treba. Na taj na\u010din mo\u017eda ste dali pristup va\u0161oj videokameri, mikrofonu, dozvolili snimanje razgovora ili poklonili nekome sve telefonske brojeve iz adresara. <span style=\"color: #e6a9ec\">Drugi put ipak razmislite \u017eelite li ba\u0161 sve to podijeliti i obavezno isklju\u010dite aplikacije nakon \u0161to ih prestanete koristiti. Jer iako vi ne koristite njih, one koriste va\u0161e podatke.<\/span><\/p>\n<p>Pro\u010ditajte <a href=\"https:\/\/www.facebook.com\/about\/basics\/\" target=\"_blank\">osnovna obja\u0161njena o za\u0161titi privatnosti na Facebooku<\/a>\u00a0<b><\/b>, a nakon \u0161to savladate osnove pro\u010ditajte detaljniji priru\u010dnik <a href=\"http:\/\/www.cert.hr\/dokumenti\/zastitite_privatnost_na_facebooku\" target=\"_blank\"><i>Za\u0161titite privatnost na Facebooku<\/i> <\/a>koji je pripremio Nacionalni CERT<b>.<\/b> <b><\/b><\/p>\n<p>Jednostavno re\u010deno ni aluminijska folija na glavi niti objave tekstova &#8220;Ja ne dam svoje podatke&#8221; ne poma\u017eu pri za\u0161titi privatnosti na dru\u0161tvenim mre\u017eama. <span style=\"color: #e6a9ec\">Dakle, ili nau\u010dite kako za\u0161tititi svoju privatnost i dobro razmislite prije nego ne\u0161to objavite ili prestanite koristiti dru\u0161tvene mre\u017ee. O tome vi odlu\u010dujete!<\/span><\/p>\n","protected":false},"excerpt":{"rendered":"<p>Jeste li svjesni da je kori\u0161tenjem dru\u0161tvenih mre\u017ea ve\u0107ina va\u0161ih objava i slika javno vidljiva? Nekako mi se \u010dini da bih svaki tjedan mogla na\u0107i novu ideju za kolumnu samo prate\u0107i zanimljive postupke korisnika na dru\u0161tvenim mre\u017eama. I to postupke &hellip; <a href=\"http:\/\/lidija-kralj.from.hr\/?p=254\">Nastavi \u010ditati <span class=\"meta-nav\">&rarr;<\/span><\/a><\/p>\n","protected":false},"author":263,"featured_media":0,"comment_status":"closed","ping_status":"closed","sticky":false,"template":"","format":"standard","meta":{"ngg_post_thumbnail":0},"categories":[20,14],"tags":[25,26],"yoast_head":"<!-- This site is optimized with the Yoast SEO plugin v17.5 - https:\/\/yoast.com\/wordpress\/plugins\/seo\/ -->\n<meta name=\"robots\" content=\"index, follow, max-snippet:-1, max-image-preview:large, max-video-preview:-1\" \/>\n<link rel=\"canonical\" href=\"http:\/\/lidija-kralj.from.hr\/?p=254\" \/>\n<meta property=\"og:locale\" content=\"hr_HR\" \/>\n<meta property=\"og:type\" content=\"article\" \/>\n<meta property=\"og:title\" content=\"Aluminijska folija i ostale \u010darolije za za\u0161titu privatnosti - Digitalni tragovi \/ Digital traces\" \/>\n<meta property=\"og:description\" content=\"Jeste li svjesni da je kori\u0161tenjem dru\u0161tvenih mre\u017ea ve\u0107ina va\u0161ih objava i slika javno vidljiva? Nekako mi se \u010dini da bih svaki tjedan mogla na\u0107i novu ideju za kolumnu samo prate\u0107i zanimljive postupke korisnika na dru\u0161tvenim mre\u017eama. I to postupke &hellip; Nastavi \u010ditati &rarr;\" \/>\n<meta property=\"og:url\" content=\"http:\/\/lidija-kralj.from.hr\/?p=254\" \/>\n<meta property=\"og:site_name\" content=\"Digitalni tragovi \/ Digital traces\" \/>\n<meta property=\"article:published_time\" content=\"2014-12-13T07:02:23+00:00\" \/>\n<meta property=\"article:modified_time\" content=\"2016-11-13T17:23:28+00:00\" \/>\n<meta property=\"og:image\" content=\"http:\/\/lidija-kralj.from.hr\/files\/2014\/12\/tinfoil-150x150.jpg\" \/>\n<meta name=\"twitter:card\" content=\"summary\" \/>\n<meta name=\"twitter:label1\" content=\"Napisao\/la\" \/>\n\t<meta name=\"twitter:data1\" content=\"lidija-kralj\" \/>\n\t<meta name=\"twitter:label2\" content=\"Procijenjeno vrijeme \u010ditanja\" \/>\n\t<meta name=\"twitter:data2\" content=\"3 minute\" \/>\n<script type=\"application\/ld+json\" class=\"yoast-schema-graph\">{\"@context\":\"https:\/\/schema.org\",\"@graph\":[{\"@type\":\"WebSite\",\"@id\":\"http:\/\/lidija-kralj.from.hr\/#website\",\"url\":\"http:\/\/lidija-kralj.from.hr\/\",\"name\":\"Digitalni tragovi \/ Digital traces\",\"description\":\"Kakve tragove ostavljate u virtualnom svijetu? \/ What traces do you leave in the virtual world?\",\"potentialAction\":[{\"@type\":\"SearchAction\",\"target\":{\"@type\":\"EntryPoint\",\"urlTemplate\":\"http:\/\/lidija-kralj.from.hr\/?s={search_term_string}\"},\"query-input\":\"required name=search_term_string\"}],\"inLanguage\":\"hr\"},{\"@type\":\"ImageObject\",\"@id\":\"http:\/\/lidija-kralj.from.hr\/?p=254#primaryimage\",\"inLanguage\":\"hr\",\"url\":\"http:\/\/lidija-kralj.from.hr\/files\/2014\/12\/tinfoil-150x150.jpg\",\"contentUrl\":\"http:\/\/lidija-kralj.from.hr\/files\/2014\/12\/tinfoil-150x150.jpg\"},{\"@type\":\"WebPage\",\"@id\":\"http:\/\/lidija-kralj.from.hr\/?p=254#webpage\",\"url\":\"http:\/\/lidija-kralj.from.hr\/?p=254\",\"name\":\"Aluminijska folija i ostale \\u010darolije za za\\u0161titu privatnosti - Digitalni tragovi \/ Digital traces\",\"isPartOf\":{\"@id\":\"http:\/\/lidija-kralj.from.hr\/#website\"},\"primaryImageOfPage\":{\"@id\":\"http:\/\/lidija-kralj.from.hr\/?p=254#primaryimage\"},\"datePublished\":\"2014-12-13T07:02:23+00:00\",\"dateModified\":\"2016-11-13T17:23:28+00:00\",\"author\":{\"@id\":\"http:\/\/lidija-kralj.from.hr\/#\/schema\/person\/2673cfd11f5aa7ccfa5aeaa6c36b55ba\"},\"breadcrumb\":{\"@id\":\"http:\/\/lidija-kralj.from.hr\/?p=254#breadcrumb\"},\"inLanguage\":\"hr\",\"potentialAction\":[{\"@type\":\"ReadAction\",\"target\":[\"http:\/\/lidija-kralj.from.hr\/?p=254\"]}]},{\"@type\":\"BreadcrumbList\",\"@id\":\"http:\/\/lidija-kralj.from.hr\/?p=254#breadcrumb\",\"itemListElement\":[{\"@type\":\"ListItem\",\"position\":1,\"name\":\"Home\",\"item\":\"http:\/\/lidija-kralj.from.hr\/\"},{\"@type\":\"ListItem\",\"position\":2,\"name\":\"Aluminijska folija i ostale \\u010darolije za za\\u0161titu privatnosti\"}]},{\"@type\":\"Person\",\"@id\":\"http:\/\/lidija-kralj.from.hr\/#\/schema\/person\/2673cfd11f5aa7ccfa5aeaa6c36b55ba\",\"name\":\"lidija-kralj\",\"image\":{\"@type\":\"ImageObject\",\"@id\":\"http:\/\/lidija-kralj.from.hr\/#personlogo\",\"inLanguage\":\"hr\",\"url\":\"http:\/\/1.gravatar.com\/avatar\/db5f0e5638e2ffbfd250829a45e7c369?s=96&d=mm&r=g\",\"contentUrl\":\"http:\/\/1.gravatar.com\/avatar\/db5f0e5638e2ffbfd250829a45e7c369?s=96&d=mm&r=g\",\"caption\":\"lidija-kralj\"},\"url\":\"http:\/\/lidija-kralj.from.hr\/?author=263\"}]}<\/script>\n<!-- \/ Yoast SEO plugin. -->","yoast_head_json":{"robots":{"index":"index","follow":"follow","max-snippet":"max-snippet:-1","max-image-preview":"max-image-preview:large","max-video-preview":"max-video-preview:-1"},"canonical":"http:\/\/lidija-kralj.from.hr\/?p=254","og_locale":"hr_HR","og_type":"article","og_title":"Aluminijska folija i ostale \u010darolije za za\u0161titu privatnosti - Digitalni tragovi \/ Digital traces","og_description":"Jeste li svjesni da je kori\u0161tenjem dru\u0161tvenih mre\u017ea ve\u0107ina va\u0161ih objava i slika javno vidljiva? Nekako mi se \u010dini da bih svaki tjedan mogla na\u0107i novu ideju za kolumnu samo prate\u0107i zanimljive postupke korisnika na dru\u0161tvenim mre\u017eama. I to postupke &hellip; Nastavi \u010ditati &rarr;","og_url":"http:\/\/lidija-kralj.from.hr\/?p=254","og_site_name":"Digitalni tragovi \/ Digital traces","article_published_time":"2014-12-13T07:02:23+00:00","article_modified_time":"2016-11-13T17:23:28+00:00","og_image":[{"url":"http:\/\/lidija-kralj.from.hr\/files\/2014\/12\/tinfoil-150x150.jpg"}],"twitter_card":"summary","twitter_misc":{"Napisao\/la":"lidija-kralj","Procijenjeno vrijeme \u010ditanja":"3 minute"},"schema":{"@context":"https:\/\/schema.org","@graph":[{"@type":"WebSite","@id":"http:\/\/lidija-kralj.from.hr\/#website","url":"http:\/\/lidija-kralj.from.hr\/","name":"Digitalni tragovi \/ Digital traces","description":"Kakve tragove ostavljate u virtualnom svijetu? \/ What traces do you leave in the virtual world?","potentialAction":[{"@type":"SearchAction","target":{"@type":"EntryPoint","urlTemplate":"http:\/\/lidija-kralj.from.hr\/?s={search_term_string}"},"query-input":"required name=search_term_string"}],"inLanguage":"hr"},{"@type":"ImageObject","@id":"http:\/\/lidija-kralj.from.hr\/?p=254#primaryimage","inLanguage":"hr","url":"http:\/\/lidija-kralj.from.hr\/files\/2014\/12\/tinfoil-150x150.jpg","contentUrl":"http:\/\/lidija-kralj.from.hr\/files\/2014\/12\/tinfoil-150x150.jpg"},{"@type":"WebPage","@id":"http:\/\/lidija-kralj.from.hr\/?p=254#webpage","url":"http:\/\/lidija-kralj.from.hr\/?p=254","name":"Aluminijska folija i ostale \u010darolije za za\u0161titu privatnosti - Digitalni tragovi \/ Digital traces","isPartOf":{"@id":"http:\/\/lidija-kralj.from.hr\/#website"},"primaryImageOfPage":{"@id":"http:\/\/lidija-kralj.from.hr\/?p=254#primaryimage"},"datePublished":"2014-12-13T07:02:23+00:00","dateModified":"2016-11-13T17:23:28+00:00","author":{"@id":"http:\/\/lidija-kralj.from.hr\/#\/schema\/person\/2673cfd11f5aa7ccfa5aeaa6c36b55ba"},"breadcrumb":{"@id":"http:\/\/lidija-kralj.from.hr\/?p=254#breadcrumb"},"inLanguage":"hr","potentialAction":[{"@type":"ReadAction","target":["http:\/\/lidija-kralj.from.hr\/?p=254"]}]},{"@type":"BreadcrumbList","@id":"http:\/\/lidija-kralj.from.hr\/?p=254#breadcrumb","itemListElement":[{"@type":"ListItem","position":1,"name":"Home","item":"http:\/\/lidija-kralj.from.hr\/"},{"@type":"ListItem","position":2,"name":"Aluminijska folija i ostale \u010darolije za za\u0161titu privatnosti"}]},{"@type":"Person","@id":"http:\/\/lidija-kralj.from.hr\/#\/schema\/person\/2673cfd11f5aa7ccfa5aeaa6c36b55ba","name":"lidija-kralj","image":{"@type":"ImageObject","@id":"http:\/\/lidija-kralj.from.hr\/#personlogo","inLanguage":"hr","url":"http:\/\/1.gravatar.com\/avatar\/db5f0e5638e2ffbfd250829a45e7c369?s=96&d=mm&r=g","contentUrl":"http:\/\/1.gravatar.com\/avatar\/db5f0e5638e2ffbfd250829a45e7c369?s=96&d=mm&r=g","caption":"lidija-kralj"},"url":"http:\/\/lidija-kralj.from.hr\/?author=263"}]}},"_links":{"self":[{"href":"http:\/\/lidija-kralj.from.hr\/index.php?rest_route=\/wp\/v2\/posts\/254"}],"collection":[{"href":"http:\/\/lidija-kralj.from.hr\/index.php?rest_route=\/wp\/v2\/posts"}],"about":[{"href":"http:\/\/lidija-kralj.from.hr\/index.php?rest_route=\/wp\/v2\/types\/post"}],"author":[{"embeddable":true,"href":"http:\/\/lidija-kralj.from.hr\/index.php?rest_route=\/wp\/v2\/users\/263"}],"replies":[{"embeddable":true,"href":"http:\/\/lidija-kralj.from.hr\/index.php?rest_route=%2Fwp%2Fv2%2Fcomments&post=254"}],"version-history":[{"count":6,"href":"http:\/\/lidija-kralj.from.hr\/index.php?rest_route=\/wp\/v2\/posts\/254\/revisions"}],"predecessor-version":[{"id":524,"href":"http:\/\/lidija-kralj.from.hr\/index.php?rest_route=\/wp\/v2\/posts\/254\/revisions\/524"}],"wp:attachment":[{"href":"http:\/\/lidija-kralj.from.hr\/index.php?rest_route=%2Fwp%2Fv2%2Fmedia&parent=254"}],"wp:term":[{"taxonomy":"category","embeddable":true,"href":"http:\/\/lidija-kralj.from.hr\/index.php?rest_route=%2Fwp%2Fv2%2Fcategories&post=254"},{"taxonomy":"post_tag","embeddable":true,"href":"http:\/\/lidija-kralj.from.hr\/index.php?rest_route=%2Fwp%2Fv2%2Ftags&post=254"}],"curies":[{"name":"wp","href":"https:\/\/api.w.org\/{rel}","templated":true}]}}